{"id":3493,"date":"2026-02-26T15:44:01","date_gmt":"2026-02-26T14:44:01","guid":{"rendered":"https:\/\/bryte.nu\/bryte-begruesst-mitchel-grootscholten-als-finanzdirektor\/"},"modified":"2026-04-29T16:01:13","modified_gmt":"2026-04-29T14:01:13","slug":"bryte-begruesst-mitchel-grootscholten-als-finanzdirektor","status":"publish","type":"post","link":"https:\/\/bryte.nu\/de\/bryte-begruesst-mitchel-grootscholten-als-finanzdirektor\/","title":{"rendered":"Bryte begr\u00fc\u00dft Mitchel Grootscholten als Finanzdirektor"},"content":{"rendered":"\n<p>&#8217;s-Gravenzande, 26. Februar 2026 - Mit der Ernennung von Mitchel Grootscholten zum Finanzdirektor macht Bryte einen wichtigen Schritt in seinem weiteren Wachstum und seiner Professionalisierung. Seine Ankunft markiert einen klaren Meilenstein f\u00fcr Bryte und unterstreicht das Bestreben, gemeinsam weiter an einer nachhaltigen und zukunftssicheren Organisation zu bauen. <\/p>\n\n<p>Mit Mitchel an Bord ist das Managementteam von Bryte nun vollz\u00e4hlig. In seiner Rolle als Finanzdirektor wird er sich darauf konzentrieren, das strategische Wachstum weiter zu st\u00e4rken und zu unterst\u00fctzen sowie Struktur und \u00dcbersicht f\u00fcr alle Unternehmen und Kooperationen innerhalb der Gruppe zu schaffen. <\/p>\n\n<p>Mitchel bringt umfassende Erfahrung im Finanzbereich mit. Bevor er zu Bryte kam, war er unter anderem bei der Rabobank und YEALD t\u00e4tig, wo er wertvolle Erfahrungen in den Bereichen Finanzierung, strategische Beratung und skalierbares Wachstum sammeln konnte. Vor diesem Hintergrund war Mitchel u.a. an der Finanzierung von TG7 (Thanet Earth) und an der Leitung der Beteiligung an A&amp;A Growers beteiligt, so dass er die Menschen und Unternehmen bei Bryte bereits gut kennt. Sein Wissen und seine praktische Erfahrung f\u00fcgen sich nahtlos in die Phase ein, in der sich Bryte derzeit befindet. Durch die Kombination eines scharfen finanziellen Verst\u00e4ndnisses mit unternehmerischem Denken und einem menschenorientierten Ansatz tr\u00e4gt Mitchel zu einer soliden Grundlage f\u00fcr weitere Innovationen und Entwicklungen bei.    <\/p>\n\n<p><em>\"Was Bryte besonders macht, ist die Mischung aus Ehrgeiz, Vision und einem starken Fokus auf die Menschen. Ich freue mich auf die Zusammenarbeit mit dem Team, um die Wachstumschancen weiter zu gestalten\",<\/em> sagte Mitchel Grootscholten.<\/p>\n\n<p>Bryte sieht seine Ankunft auch als St\u00e4rkung der F\u00fchrung:<\/p>\n\n<p><em>\"Mitchel bringt nicht nur ein starkes finanzielles und strategisches Wissen mit, sondern auch jemanden, der zu unserer Kultur und unseren Ambitionen passt. Seine Erfahrung und seine Pers\u00f6nlichkeit machen ihn zu einer wertvollen Erg\u00e4nzung f\u00fcr den Vorstand\",<\/em> sagte Tom Zwinkels von Bryte.<\/p>\n\n<p>Mit dieser Ernennung blickt Bryte mit Zuversicht in die Zukunft und macht einen weiteren wichtigen Schritt in Richtung einer Zukunft, in der Wachstum, Zusammenarbeit und Professionalit\u00e4t im Vordergrund stehen.<\/p>\n","protected":false},"excerpt":{"rendered":"<p>&#8217;s-Gravenzande, 26. Februar 2026 - Mit der Ernennung von Mitchel Grootscholten zum Finanzdirektor macht Bryte einen wichtigen Schritt in seinem weiteren Wachstum und seiner Professionalisierung. Seine Ankunft markiert einen klaren Meilenstein f\u00fcr Bryte und unterstreicht das Bestreben, gemeinsam weiter an einer nachhaltigen und zukunftssicheren Organisation zu bauen. Mit Mitchel an Bord ist das Managementteam von [&hellip;]<\/p>\n","protected":false},"author":2,"featured_media":3513,"comment_status":"closed","ping_status":"closed","sticky":false,"template":"","format":"standard","meta":{"footnotes":""},"categories":[47],"tags":[],"class_list":["post-3493","post","type-post","status-publish","format-standard","has-post-thumbnail","hentry","category-nachrichten"],"yoast_head":"<!-- This site is optimized with the Yoast SEO plugin v27.4 - https:\/\/yoast.com\/product\/yoast-seo-wordpress\/ -->\n<title>-<\/title>\n<meta name=\"robots\" content=\"index, follow, max-snippet:-1, max-image-preview:large, max-video-preview:-1\" \/>\n<link rel=\"canonical\" href=\"https:\/\/bryte.nu\/de\/bryte-begruesst-mitchel-grootscholten-als-finanzdirektor\/\" \/>\n<meta property=\"og:locale\" content=\"de_DE\" \/>\n<meta property=\"og:type\" content=\"article\" \/>\n<meta property=\"og:title\" content=\"-\" \/>\n<meta property=\"og:description\" content=\"&#8217;s-Gravenzande, 26. Februar 2026 - Mit der Ernennung von Mitchel Grootscholten zum Finanzdirektor macht Bryte einen wichtigen Schritt in seinem weiteren Wachstum und seiner Professionalisierung. Seine Ankunft markiert einen klaren Meilenstein f\u00fcr Bryte und unterstreicht das Bestreben, gemeinsam weiter an einer nachhaltigen und zukunftssicheren Organisation zu bauen. Mit Mitchel an Bord ist das Managementteam von [&hellip;]\" \/>\n<meta property=\"og:url\" content=\"https:\/\/bryte.nu\/de\/bryte-begruesst-mitchel-grootscholten-als-finanzdirektor\/\" \/>\n<meta property=\"og:site_name\" content=\"Bryte\" \/>\n<meta property=\"article:publisher\" content=\"https:\/\/www.facebook.com\/BryteGroep\/\" \/>\n<meta property=\"article:published_time\" content=\"2026-02-26T14:44:01+00:00\" \/>\n<meta property=\"article:modified_time\" content=\"2026-04-29T14:01:13+00:00\" \/>\n<meta property=\"og:image\" content=\"https:\/\/bryte.nu\/wp-content\/uploads\/2026\/02\/7d9877fb-831e-48b2-bba7-3c03efd3d951.jpg\" \/>\n\t<meta property=\"og:image:width\" content=\"1708\" \/>\n\t<meta property=\"og:image:height\" content=\"1678\" \/>\n\t<meta property=\"og:image:type\" content=\"image\/jpeg\" \/>\n<meta name=\"author\" content=\"Maxime van der Schans\" \/>\n<meta name=\"twitter:card\" content=\"summary_large_image\" \/>\n<meta name=\"twitter:label1\" content=\"Verfasst von\" \/>\n\t<meta name=\"twitter:data1\" content=\"Maxime van der Schans\" \/>\n\t<meta name=\"twitter:label2\" content=\"Gesch\u00e4tzte Lesezeit\" \/>\n\t<meta name=\"twitter:data2\" content=\"2 Minuten\" \/>\n<script type=\"application\/ld+json\" class=\"yoast-schema-graph\">{\"@context\":\"https:\\\/\\\/schema.org\",\"@graph\":[{\"@type\":\"Article\",\"@id\":\"https:\\\/\\\/bryte.nu\\\/de\\\/bryte-begruesst-mitchel-grootscholten-als-finanzdirektor\\\/#article\",\"isPartOf\":{\"@id\":\"https:\\\/\\\/bryte.nu\\\/de\\\/bryte-begruesst-mitchel-grootscholten-als-finanzdirektor\\\/\"},\"author\":{\"name\":\"Maxime van der Schans\",\"@id\":\"https:\\\/\\\/bryte.nu\\\/de\\\/#\\\/schema\\\/person\\\/2d306d0c012a958c8a91cbf0bdd10ab3\"},\"headline\":\"Bryte begr\u00fc\u00dft Mitchel Grootscholten als Finanzdirektor\",\"datePublished\":\"2026-02-26T14:44:01+00:00\",\"dateModified\":\"2026-04-29T14:01:13+00:00\",\"mainEntityOfPage\":{\"@id\":\"https:\\\/\\\/bryte.nu\\\/de\\\/bryte-begruesst-mitchel-grootscholten-als-finanzdirektor\\\/\"},\"wordCount\":346,\"publisher\":{\"@id\":\"https:\\\/\\\/bryte.nu\\\/de\\\/#organization\"},\"image\":{\"@id\":\"https:\\\/\\\/bryte.nu\\\/de\\\/bryte-begruesst-mitchel-grootscholten-als-finanzdirektor\\\/#primaryimage\"},\"thumbnailUrl\":\"https:\\\/\\\/bryte.nu\\\/wp-content\\\/uploads\\\/2026\\\/02\\\/7d9877fb-831e-48b2-bba7-3c03efd3d951.jpg\",\"articleSection\":[\"Nachrichten\"],\"inLanguage\":\"de\"},{\"@type\":\"WebPage\",\"@id\":\"https:\\\/\\\/bryte.nu\\\/de\\\/bryte-begruesst-mitchel-grootscholten-als-finanzdirektor\\\/\",\"url\":\"https:\\\/\\\/bryte.nu\\\/de\\\/bryte-begruesst-mitchel-grootscholten-als-finanzdirektor\\\/\",\"name\":\"-\",\"isPartOf\":{\"@id\":\"https:\\\/\\\/bryte.nu\\\/de\\\/#website\"},\"primaryImageOfPage\":{\"@id\":\"https:\\\/\\\/bryte.nu\\\/de\\\/bryte-begruesst-mitchel-grootscholten-als-finanzdirektor\\\/#primaryimage\"},\"image\":{\"@id\":\"https:\\\/\\\/bryte.nu\\\/de\\\/bryte-begruesst-mitchel-grootscholten-als-finanzdirektor\\\/#primaryimage\"},\"thumbnailUrl\":\"https:\\\/\\\/bryte.nu\\\/wp-content\\\/uploads\\\/2026\\\/02\\\/7d9877fb-831e-48b2-bba7-3c03efd3d951.jpg\",\"datePublished\":\"2026-02-26T14:44:01+00:00\",\"dateModified\":\"2026-04-29T14:01:13+00:00\",\"breadcrumb\":{\"@id\":\"https:\\\/\\\/bryte.nu\\\/de\\\/bryte-begruesst-mitchel-grootscholten-als-finanzdirektor\\\/#breadcrumb\"},\"inLanguage\":\"de\",\"potentialAction\":[{\"@type\":\"ReadAction\",\"target\":[\"https:\\\/\\\/bryte.nu\\\/de\\\/bryte-begruesst-mitchel-grootscholten-als-finanzdirektor\\\/\"]}]},{\"@type\":\"ImageObject\",\"inLanguage\":\"de\",\"@id\":\"https:\\\/\\\/bryte.nu\\\/de\\\/bryte-begruesst-mitchel-grootscholten-als-finanzdirektor\\\/#primaryimage\",\"url\":\"https:\\\/\\\/bryte.nu\\\/wp-content\\\/uploads\\\/2026\\\/02\\\/7d9877fb-831e-48b2-bba7-3c03efd3d951.jpg\",\"contentUrl\":\"https:\\\/\\\/bryte.nu\\\/wp-content\\\/uploads\\\/2026\\\/02\\\/7d9877fb-831e-48b2-bba7-3c03efd3d951.jpg\",\"width\":1708,\"height\":1678},{\"@type\":\"BreadcrumbList\",\"@id\":\"https:\\\/\\\/bryte.nu\\\/de\\\/bryte-begruesst-mitchel-grootscholten-als-finanzdirektor\\\/#breadcrumb\",\"itemListElement\":[{\"@type\":\"ListItem\",\"position\":1,\"name\":\"Startseite\",\"item\":\"https:\\\/\\\/bryte.nu\\\/de\\\/startseite\\\/\"},{\"@type\":\"ListItem\",\"position\":2,\"name\":\"Bryte begr\u00fc\u00dft Mitchel Grootscholten als Finanzdirektor\"}]},{\"@type\":\"WebSite\",\"@id\":\"https:\\\/\\\/bryte.nu\\\/de\\\/#website\",\"url\":\"https:\\\/\\\/bryte.nu\\\/de\\\/\",\"name\":\"Bryte\",\"description\":\"Wo das Gl\u00fcck w\u00e4chst\",\"publisher\":{\"@id\":\"https:\\\/\\\/bryte.nu\\\/de\\\/#organization\"},\"potentialAction\":[{\"@type\":\"SearchAction\",\"target\":{\"@type\":\"EntryPoint\",\"urlTemplate\":\"https:\\\/\\\/bryte.nu\\\/de\\\/?s={search_term_string}\"},\"query-input\":{\"@type\":\"PropertyValueSpecification\",\"valueRequired\":true,\"valueName\":\"search_term_string\"}}],\"inLanguage\":\"de\"},{\"@type\":\"Organization\",\"@id\":\"https:\\\/\\\/bryte.nu\\\/de\\\/#organization\",\"name\":\"Bryte\",\"url\":\"https:\\\/\\\/bryte.nu\\\/de\\\/\",\"logo\":{\"@type\":\"ImageObject\",\"inLanguage\":\"de\",\"@id\":\"https:\\\/\\\/bryte.nu\\\/de\\\/#\\\/schema\\\/logo\\\/image\\\/\",\"url\":\"https:\\\/\\\/bryte.nu\\\/wp-content\\\/uploads\\\/2025\\\/05\\\/20180873-Bryte-Logo-rgb-DEF.png\",\"contentUrl\":\"https:\\\/\\\/bryte.nu\\\/wp-content\\\/uploads\\\/2025\\\/05\\\/20180873-Bryte-Logo-rgb-DEF.png\",\"width\":1477,\"height\":1182,\"caption\":\"Bryte\"},\"image\":{\"@id\":\"https:\\\/\\\/bryte.nu\\\/de\\\/#\\\/schema\\\/logo\\\/image\\\/\"},\"sameAs\":[\"https:\\\/\\\/www.facebook.com\\\/BryteGroep\\\/\",\"https:\\\/\\\/www.instagram.com\\\/bryte_groep\\\/\",\"https:\\\/\\\/www.linkedin.com\\\/company\\\/bryte-groep\\\/\"]},{\"@type\":\"Person\",\"@id\":\"https:\\\/\\\/bryte.nu\\\/de\\\/#\\\/schema\\\/person\\\/2d306d0c012a958c8a91cbf0bdd10ab3\",\"name\":\"Maxime van der Schans\",\"image\":{\"@type\":\"ImageObject\",\"inLanguage\":\"de\",\"@id\":\"https:\\\/\\\/secure.gravatar.com\\\/avatar\\\/21fcb500f6cf7da37cd7f184c6c5e205160aa601428f6c2cc7e8887e16d8bc44?s=96&d=mm&r=g\",\"url\":\"https:\\\/\\\/secure.gravatar.com\\\/avatar\\\/21fcb500f6cf7da37cd7f184c6c5e205160aa601428f6c2cc7e8887e16d8bc44?s=96&d=mm&r=g\",\"contentUrl\":\"https:\\\/\\\/secure.gravatar.com\\\/avatar\\\/21fcb500f6cf7da37cd7f184c6c5e205160aa601428f6c2cc7e8887e16d8bc44?s=96&d=mm&r=g\",\"caption\":\"Maxime van der Schans\"},\"url\":\"https:\\\/\\\/bryte.nu\\\/de\\\/author\\\/maxbryte\\\/\"}]}<\/script>\n<!-- \/ Yoast SEO plugin. -->","yoast_head_json":{"title":"-","robots":{"index":"index","follow":"follow","max-snippet":"max-snippet:-1","max-image-preview":"max-image-preview:large","max-video-preview":"max-video-preview:-1"},"canonical":"https:\/\/bryte.nu\/de\/bryte-begruesst-mitchel-grootscholten-als-finanzdirektor\/","og_locale":"de_DE","og_type":"article","og_title":"-","og_description":"&#8217;s-Gravenzande, 26. Februar 2026 - Mit der Ernennung von Mitchel Grootscholten zum Finanzdirektor macht Bryte einen wichtigen Schritt in seinem weiteren Wachstum und seiner Professionalisierung. Seine Ankunft markiert einen klaren Meilenstein f\u00fcr Bryte und unterstreicht das Bestreben, gemeinsam weiter an einer nachhaltigen und zukunftssicheren Organisation zu bauen. Mit Mitchel an Bord ist das Managementteam von [&hellip;]","og_url":"https:\/\/bryte.nu\/de\/bryte-begruesst-mitchel-grootscholten-als-finanzdirektor\/","og_site_name":"Bryte","article_publisher":"https:\/\/www.facebook.com\/BryteGroep\/","article_published_time":"2026-02-26T14:44:01+00:00","article_modified_time":"2026-04-29T14:01:13+00:00","og_image":[{"width":1708,"height":1678,"url":"https:\/\/bryte.nu\/wp-content\/uploads\/2026\/02\/7d9877fb-831e-48b2-bba7-3c03efd3d951.jpg","type":"image\/jpeg"}],"author":"Maxime van der Schans","twitter_card":"summary_large_image","twitter_misc":{"Verfasst von":"Maxime van der Schans","Gesch\u00e4tzte Lesezeit":"2 Minuten"},"schema":{"@context":"https:\/\/schema.org","@graph":[{"@type":"Article","@id":"https:\/\/bryte.nu\/de\/bryte-begruesst-mitchel-grootscholten-als-finanzdirektor\/#article","isPartOf":{"@id":"https:\/\/bryte.nu\/de\/bryte-begruesst-mitchel-grootscholten-als-finanzdirektor\/"},"author":{"name":"Maxime van der Schans","@id":"https:\/\/bryte.nu\/de\/#\/schema\/person\/2d306d0c012a958c8a91cbf0bdd10ab3"},"headline":"Bryte begr\u00fc\u00dft Mitchel Grootscholten als Finanzdirektor","datePublished":"2026-02-26T14:44:01+00:00","dateModified":"2026-04-29T14:01:13+00:00","mainEntityOfPage":{"@id":"https:\/\/bryte.nu\/de\/bryte-begruesst-mitchel-grootscholten-als-finanzdirektor\/"},"wordCount":346,"publisher":{"@id":"https:\/\/bryte.nu\/de\/#organization"},"image":{"@id":"https:\/\/bryte.nu\/de\/bryte-begruesst-mitchel-grootscholten-als-finanzdirektor\/#primaryimage"},"thumbnailUrl":"https:\/\/bryte.nu\/wp-content\/uploads\/2026\/02\/7d9877fb-831e-48b2-bba7-3c03efd3d951.jpg","articleSection":["Nachrichten"],"inLanguage":"de"},{"@type":"WebPage","@id":"https:\/\/bryte.nu\/de\/bryte-begruesst-mitchel-grootscholten-als-finanzdirektor\/","url":"https:\/\/bryte.nu\/de\/bryte-begruesst-mitchel-grootscholten-als-finanzdirektor\/","name":"-","isPartOf":{"@id":"https:\/\/bryte.nu\/de\/#website"},"primaryImageOfPage":{"@id":"https:\/\/bryte.nu\/de\/bryte-begruesst-mitchel-grootscholten-als-finanzdirektor\/#primaryimage"},"image":{"@id":"https:\/\/bryte.nu\/de\/bryte-begruesst-mitchel-grootscholten-als-finanzdirektor\/#primaryimage"},"thumbnailUrl":"https:\/\/bryte.nu\/wp-content\/uploads\/2026\/02\/7d9877fb-831e-48b2-bba7-3c03efd3d951.jpg","datePublished":"2026-02-26T14:44:01+00:00","dateModified":"2026-04-29T14:01:13+00:00","breadcrumb":{"@id":"https:\/\/bryte.nu\/de\/bryte-begruesst-mitchel-grootscholten-als-finanzdirektor\/#breadcrumb"},"inLanguage":"de","potentialAction":[{"@type":"ReadAction","target":["https:\/\/bryte.nu\/de\/bryte-begruesst-mitchel-grootscholten-als-finanzdirektor\/"]}]},{"@type":"ImageObject","inLanguage":"de","@id":"https:\/\/bryte.nu\/de\/bryte-begruesst-mitchel-grootscholten-als-finanzdirektor\/#primaryimage","url":"https:\/\/bryte.nu\/wp-content\/uploads\/2026\/02\/7d9877fb-831e-48b2-bba7-3c03efd3d951.jpg","contentUrl":"https:\/\/bryte.nu\/wp-content\/uploads\/2026\/02\/7d9877fb-831e-48b2-bba7-3c03efd3d951.jpg","width":1708,"height":1678},{"@type":"BreadcrumbList","@id":"https:\/\/bryte.nu\/de\/bryte-begruesst-mitchel-grootscholten-als-finanzdirektor\/#breadcrumb","itemListElement":[{"@type":"ListItem","position":1,"name":"Startseite","item":"https:\/\/bryte.nu\/de\/startseite\/"},{"@type":"ListItem","position":2,"name":"Bryte begr\u00fc\u00dft Mitchel Grootscholten als Finanzdirektor"}]},{"@type":"WebSite","@id":"https:\/\/bryte.nu\/de\/#website","url":"https:\/\/bryte.nu\/de\/","name":"Bryte","description":"Wo das Gl\u00fcck w\u00e4chst","publisher":{"@id":"https:\/\/bryte.nu\/de\/#organization"},"potentialAction":[{"@type":"SearchAction","target":{"@type":"EntryPoint","urlTemplate":"https:\/\/bryte.nu\/de\/?s={search_term_string}"},"query-input":{"@type":"PropertyValueSpecification","valueRequired":true,"valueName":"search_term_string"}}],"inLanguage":"de"},{"@type":"Organization","@id":"https:\/\/bryte.nu\/de\/#organization","name":"Bryte","url":"https:\/\/bryte.nu\/de\/","logo":{"@type":"ImageObject","inLanguage":"de","@id":"https:\/\/bryte.nu\/de\/#\/schema\/logo\/image\/","url":"https:\/\/bryte.nu\/wp-content\/uploads\/2025\/05\/20180873-Bryte-Logo-rgb-DEF.png","contentUrl":"https:\/\/bryte.nu\/wp-content\/uploads\/2025\/05\/20180873-Bryte-Logo-rgb-DEF.png","width":1477,"height":1182,"caption":"Bryte"},"image":{"@id":"https:\/\/bryte.nu\/de\/#\/schema\/logo\/image\/"},"sameAs":["https:\/\/www.facebook.com\/BryteGroep\/","https:\/\/www.instagram.com\/bryte_groep\/","https:\/\/www.linkedin.com\/company\/bryte-groep\/"]},{"@type":"Person","@id":"https:\/\/bryte.nu\/de\/#\/schema\/person\/2d306d0c012a958c8a91cbf0bdd10ab3","name":"Maxime van der Schans","image":{"@type":"ImageObject","inLanguage":"de","@id":"https:\/\/secure.gravatar.com\/avatar\/21fcb500f6cf7da37cd7f184c6c5e205160aa601428f6c2cc7e8887e16d8bc44?s=96&d=mm&r=g","url":"https:\/\/secure.gravatar.com\/avatar\/21fcb500f6cf7da37cd7f184c6c5e205160aa601428f6c2cc7e8887e16d8bc44?s=96&d=mm&r=g","contentUrl":"https:\/\/secure.gravatar.com\/avatar\/21fcb500f6cf7da37cd7f184c6c5e205160aa601428f6c2cc7e8887e16d8bc44?s=96&d=mm&r=g","caption":"Maxime van der Schans"},"url":"https:\/\/bryte.nu\/de\/author\/maxbryte\/"}]}},"_links":{"self":[{"href":"https:\/\/bryte.nu\/de\/wp-json\/wp\/v2\/posts\/3493","targetHints":{"allow":["GET"]}}],"collection":[{"href":"https:\/\/bryte.nu\/de\/wp-json\/wp\/v2\/posts"}],"about":[{"href":"https:\/\/bryte.nu\/de\/wp-json\/wp\/v2\/types\/post"}],"author":[{"embeddable":true,"href":"https:\/\/bryte.nu\/de\/wp-json\/wp\/v2\/users\/2"}],"replies":[{"embeddable":true,"href":"https:\/\/bryte.nu\/de\/wp-json\/wp\/v2\/comments?post=3493"}],"version-history":[{"count":1,"href":"https:\/\/bryte.nu\/de\/wp-json\/wp\/v2\/posts\/3493\/revisions"}],"predecessor-version":[{"id":3495,"href":"https:\/\/bryte.nu\/de\/wp-json\/wp\/v2\/posts\/3493\/revisions\/3495"}],"wp:featuredmedia":[{"embeddable":true,"href":"https:\/\/bryte.nu\/de\/wp-json\/wp\/v2\/media\/3513"}],"wp:attachment":[{"href":"https:\/\/bryte.nu\/de\/wp-json\/wp\/v2\/media?parent=3493"}],"wp:term":[{"taxonomy":"category","embeddable":true,"href":"https:\/\/bryte.nu\/de\/wp-json\/wp\/v2\/categories?post=3493"},{"taxonomy":"post_tag","embeddable":true,"href":"https:\/\/bryte.nu\/de\/wp-json\/wp\/v2\/tags?post=3493"}],"curies":[{"name":"wp","href":"https:\/\/api.w.org\/{rel}","templated":true}]}}