{"id":3571,"date":"2026-04-01T15:37:31","date_gmt":"2026-04-01T13:37:31","guid":{"rendered":"https:\/\/bryte.nu\/bryte-oeffnet-tueren-waehrend-kom-in-de-kas\/"},"modified":"2026-04-29T16:01:27","modified_gmt":"2026-04-29T14:01:27","slug":"bryte-oeffnet-tueren-waehrend-kom-in-de-kas","status":"publish","type":"post","link":"https:\/\/bryte.nu\/de\/bryte-oeffnet-tueren-waehrend-kom-in-de-kas\/","title":{"rendered":"Bryte \u00f6ffnet T\u00fcren w\u00e4hrend Kom in de Kas"},"content":{"rendered":"\n<p>Bryte nimmt in diesem Jahr an <a href=\"https:\/\/www.komindekas.nl\/locaties\/voorne-putten\/\" type=\"link\" id=\"https:\/\/www.komindekas.nl\/locaties\/voorne-putten\/\">Kom in de Kas<\/a> teil und ist stolz darauf, die T\u00fcren seines Unternehmens f\u00fcr die \u00d6ffentlichkeit zu \u00f6ffnen. Am Samstag, den 11. April, sind Besucher herzlich eingeladen, in den Konneweg 1A in Tinte zu kommen und einen einzigartigen Blick hinter die Kulissen zu werfen. <\/p>\n\n<p>An diesem Tag bietet Bryte eine besondere Gelegenheit, aus n\u00e4chster N\u00e4he zu sehen, wie moderner Tomatenanbau funktioniert. Besucher werden entdecken, wie Innovation, Nachhaltigkeit und Handwerkskunst in unserem Tomatenproduktionsprozess zusammenkommen. <\/p>\n\n<p>Kom in de Kas ist die Zeit, um den Gew\u00e4chshaussektor von innen zu erleben.  <\/p>\n\n<p>Jeder ist herzlich eingeladen, vorbeizukommen, Fragen zu stellen und Brytes famili\u00e4re Atmosph\u00e4re zu erleben.  <\/p>\n\n<p><strong>Praktische Informationen:<\/strong><\/p>\n\n<ul class=\"wp-block-list\">\n<li>Datum: Samstag, 11. April<\/li>\n\n\n\n<li>Standort: Konneweg 1A, Tinte<\/li>\n\n\n\n<li>Zeit: 10 - 16 Uhr.  <\/li>\n\n\n\n<li>Eintritt: frei<\/li>\n<\/ul>\n\n<p><\/p>\n\n<p><strong>Wollen Sie sich unser Gew\u00e4chshaus ansehen?<\/strong><\/p>\n\n<p><\/p>\n","protected":false},"excerpt":{"rendered":"<p>Bryte nimmt in diesem Jahr an Kom in de Kas teil und ist stolz darauf, die T\u00fcren seines Unternehmens f\u00fcr die \u00d6ffentlichkeit zu \u00f6ffnen. Am Samstag, den 11. April, sind Besucher herzlich eingeladen, in den Konneweg 1A in Tinte zu kommen und einen einzigartigen Blick hinter die Kulissen zu werfen. An diesem Tag bietet Bryte [&hellip;]<\/p>\n","protected":false},"author":2,"featured_media":3558,"comment_status":"closed","ping_status":"closed","sticky":false,"template":"","format":"standard","meta":{"footnotes":""},"categories":[47],"tags":[],"class_list":["post-3571","post","type-post","status-publish","format-standard","has-post-thumbnail","hentry","category-nachrichten"],"yoast_head":"<!-- This site is optimized with the Yoast SEO plugin v27.4 - https:\/\/yoast.com\/product\/yoast-seo-wordpress\/ -->\n<title>-<\/title>\n<meta name=\"robots\" content=\"index, follow, max-snippet:-1, max-image-preview:large, max-video-preview:-1\" \/>\n<link rel=\"canonical\" href=\"https:\/\/bryte.nu\/de\/bryte-oeffnet-tueren-waehrend-kom-in-de-kas\/\" \/>\n<meta property=\"og:locale\" content=\"de_DE\" \/>\n<meta property=\"og:type\" content=\"article\" \/>\n<meta property=\"og:title\" content=\"-\" \/>\n<meta property=\"og:description\" content=\"Bryte nimmt in diesem Jahr an Kom in de Kas teil und ist stolz darauf, die T\u00fcren seines Unternehmens f\u00fcr die \u00d6ffentlichkeit zu \u00f6ffnen. Am Samstag, den 11. April, sind Besucher herzlich eingeladen, in den Konneweg 1A in Tinte zu kommen und einen einzigartigen Blick hinter die Kulissen zu werfen. An diesem Tag bietet Bryte [&hellip;]\" \/>\n<meta property=\"og:url\" content=\"https:\/\/bryte.nu\/de\/bryte-oeffnet-tueren-waehrend-kom-in-de-kas\/\" \/>\n<meta property=\"og:site_name\" content=\"Bryte\" \/>\n<meta property=\"article:publisher\" content=\"https:\/\/www.facebook.com\/BryteGroep\/\" \/>\n<meta property=\"article:published_time\" content=\"2026-04-01T13:37:31+00:00\" \/>\n<meta property=\"article:modified_time\" content=\"2026-04-29T14:01:27+00:00\" \/>\n<meta property=\"og:image\" content=\"https:\/\/bryte.nu\/wp-content\/uploads\/2026\/04\/20241223Bryte-21-scaled.jpg\" \/>\n\t<meta property=\"og:image:width\" content=\"2560\" \/>\n\t<meta property=\"og:image:height\" content=\"1707\" \/>\n\t<meta property=\"og:image:type\" content=\"image\/jpeg\" \/>\n<meta name=\"author\" content=\"Maxime van der Schans\" \/>\n<meta name=\"twitter:card\" content=\"summary_large_image\" \/>\n<meta name=\"twitter:label1\" content=\"Verfasst von\" \/>\n\t<meta name=\"twitter:data1\" content=\"Maxime van der Schans\" \/>\n\t<meta name=\"twitter:label2\" content=\"Gesch\u00e4tzte Lesezeit\" \/>\n\t<meta name=\"twitter:data2\" content=\"1\u00a0Minute\" \/>\n<script type=\"application\/ld+json\" class=\"yoast-schema-graph\">{\"@context\":\"https:\\\/\\\/schema.org\",\"@graph\":[{\"@type\":\"Article\",\"@id\":\"https:\\\/\\\/bryte.nu\\\/de\\\/bryte-oeffnet-tueren-waehrend-kom-in-de-kas\\\/#article\",\"isPartOf\":{\"@id\":\"https:\\\/\\\/bryte.nu\\\/de\\\/bryte-oeffnet-tueren-waehrend-kom-in-de-kas\\\/\"},\"author\":{\"name\":\"Maxime van der Schans\",\"@id\":\"https:\\\/\\\/bryte.nu\\\/de\\\/#\\\/schema\\\/person\\\/2d306d0c012a958c8a91cbf0bdd10ab3\"},\"headline\":\"Bryte \u00f6ffnet T\u00fcren w\u00e4hrend Kom in de Kas\",\"datePublished\":\"2026-04-01T13:37:31+00:00\",\"dateModified\":\"2026-04-29T14:01:27+00:00\",\"mainEntityOfPage\":{\"@id\":\"https:\\\/\\\/bryte.nu\\\/de\\\/bryte-oeffnet-tueren-waehrend-kom-in-de-kas\\\/\"},\"wordCount\":144,\"publisher\":{\"@id\":\"https:\\\/\\\/bryte.nu\\\/de\\\/#organization\"},\"image\":{\"@id\":\"https:\\\/\\\/bryte.nu\\\/de\\\/bryte-oeffnet-tueren-waehrend-kom-in-de-kas\\\/#primaryimage\"},\"thumbnailUrl\":\"https:\\\/\\\/bryte.nu\\\/wp-content\\\/uploads\\\/2026\\\/04\\\/20241223Bryte-21-scaled.jpg\",\"articleSection\":[\"Nachrichten\"],\"inLanguage\":\"de\"},{\"@type\":\"WebPage\",\"@id\":\"https:\\\/\\\/bryte.nu\\\/de\\\/bryte-oeffnet-tueren-waehrend-kom-in-de-kas\\\/\",\"url\":\"https:\\\/\\\/bryte.nu\\\/de\\\/bryte-oeffnet-tueren-waehrend-kom-in-de-kas\\\/\",\"name\":\"-\",\"isPartOf\":{\"@id\":\"https:\\\/\\\/bryte.nu\\\/de\\\/#website\"},\"primaryImageOfPage\":{\"@id\":\"https:\\\/\\\/bryte.nu\\\/de\\\/bryte-oeffnet-tueren-waehrend-kom-in-de-kas\\\/#primaryimage\"},\"image\":{\"@id\":\"https:\\\/\\\/bryte.nu\\\/de\\\/bryte-oeffnet-tueren-waehrend-kom-in-de-kas\\\/#primaryimage\"},\"thumbnailUrl\":\"https:\\\/\\\/bryte.nu\\\/wp-content\\\/uploads\\\/2026\\\/04\\\/20241223Bryte-21-scaled.jpg\",\"datePublished\":\"2026-04-01T13:37:31+00:00\",\"dateModified\":\"2026-04-29T14:01:27+00:00\",\"breadcrumb\":{\"@id\":\"https:\\\/\\\/bryte.nu\\\/de\\\/bryte-oeffnet-tueren-waehrend-kom-in-de-kas\\\/#breadcrumb\"},\"inLanguage\":\"de\",\"potentialAction\":[{\"@type\":\"ReadAction\",\"target\":[\"https:\\\/\\\/bryte.nu\\\/de\\\/bryte-oeffnet-tueren-waehrend-kom-in-de-kas\\\/\"]}]},{\"@type\":\"ImageObject\",\"inLanguage\":\"de\",\"@id\":\"https:\\\/\\\/bryte.nu\\\/de\\\/bryte-oeffnet-tueren-waehrend-kom-in-de-kas\\\/#primaryimage\",\"url\":\"https:\\\/\\\/bryte.nu\\\/wp-content\\\/uploads\\\/2026\\\/04\\\/20241223Bryte-21-scaled.jpg\",\"contentUrl\":\"https:\\\/\\\/bryte.nu\\\/wp-content\\\/uploads\\\/2026\\\/04\\\/20241223Bryte-21-scaled.jpg\",\"width\":2560,\"height\":1707,\"caption\":\"Sharon Schouten, Bruidsfotografie, Bedrijfsfotografie\"},{\"@type\":\"BreadcrumbList\",\"@id\":\"https:\\\/\\\/bryte.nu\\\/de\\\/bryte-oeffnet-tueren-waehrend-kom-in-de-kas\\\/#breadcrumb\",\"itemListElement\":[{\"@type\":\"ListItem\",\"position\":1,\"name\":\"Startseite\",\"item\":\"https:\\\/\\\/bryte.nu\\\/de\\\/startseite\\\/\"},{\"@type\":\"ListItem\",\"position\":2,\"name\":\"Bryte \u00f6ffnet T\u00fcren w\u00e4hrend Kom in de Kas\"}]},{\"@type\":\"WebSite\",\"@id\":\"https:\\\/\\\/bryte.nu\\\/de\\\/#website\",\"url\":\"https:\\\/\\\/bryte.nu\\\/de\\\/\",\"name\":\"Bryte\",\"description\":\"Wo das Gl\u00fcck w\u00e4chst\",\"publisher\":{\"@id\":\"https:\\\/\\\/bryte.nu\\\/de\\\/#organization\"},\"potentialAction\":[{\"@type\":\"SearchAction\",\"target\":{\"@type\":\"EntryPoint\",\"urlTemplate\":\"https:\\\/\\\/bryte.nu\\\/de\\\/?s={search_term_string}\"},\"query-input\":{\"@type\":\"PropertyValueSpecification\",\"valueRequired\":true,\"valueName\":\"search_term_string\"}}],\"inLanguage\":\"de\"},{\"@type\":\"Organization\",\"@id\":\"https:\\\/\\\/bryte.nu\\\/de\\\/#organization\",\"name\":\"Bryte\",\"url\":\"https:\\\/\\\/bryte.nu\\\/de\\\/\",\"logo\":{\"@type\":\"ImageObject\",\"inLanguage\":\"de\",\"@id\":\"https:\\\/\\\/bryte.nu\\\/de\\\/#\\\/schema\\\/logo\\\/image\\\/\",\"url\":\"https:\\\/\\\/bryte.nu\\\/wp-content\\\/uploads\\\/2025\\\/05\\\/20180873-Bryte-Logo-rgb-DEF.png\",\"contentUrl\":\"https:\\\/\\\/bryte.nu\\\/wp-content\\\/uploads\\\/2025\\\/05\\\/20180873-Bryte-Logo-rgb-DEF.png\",\"width\":1477,\"height\":1182,\"caption\":\"Bryte\"},\"image\":{\"@id\":\"https:\\\/\\\/bryte.nu\\\/de\\\/#\\\/schema\\\/logo\\\/image\\\/\"},\"sameAs\":[\"https:\\\/\\\/www.facebook.com\\\/BryteGroep\\\/\",\"https:\\\/\\\/www.instagram.com\\\/bryte_groep\\\/\",\"https:\\\/\\\/www.linkedin.com\\\/company\\\/bryte-groep\\\/\"]},{\"@type\":\"Person\",\"@id\":\"https:\\\/\\\/bryte.nu\\\/de\\\/#\\\/schema\\\/person\\\/2d306d0c012a958c8a91cbf0bdd10ab3\",\"name\":\"Maxime van der Schans\",\"image\":{\"@type\":\"ImageObject\",\"inLanguage\":\"de\",\"@id\":\"https:\\\/\\\/secure.gravatar.com\\\/avatar\\\/21fcb500f6cf7da37cd7f184c6c5e205160aa601428f6c2cc7e8887e16d8bc44?s=96&d=mm&r=g\",\"url\":\"https:\\\/\\\/secure.gravatar.com\\\/avatar\\\/21fcb500f6cf7da37cd7f184c6c5e205160aa601428f6c2cc7e8887e16d8bc44?s=96&d=mm&r=g\",\"contentUrl\":\"https:\\\/\\\/secure.gravatar.com\\\/avatar\\\/21fcb500f6cf7da37cd7f184c6c5e205160aa601428f6c2cc7e8887e16d8bc44?s=96&d=mm&r=g\",\"caption\":\"Maxime van der Schans\"},\"url\":\"https:\\\/\\\/bryte.nu\\\/de\\\/author\\\/maxbryte\\\/\"}]}<\/script>\n<!-- \/ Yoast SEO plugin. -->","yoast_head_json":{"title":"-","robots":{"index":"index","follow":"follow","max-snippet":"max-snippet:-1","max-image-preview":"max-image-preview:large","max-video-preview":"max-video-preview:-1"},"canonical":"https:\/\/bryte.nu\/de\/bryte-oeffnet-tueren-waehrend-kom-in-de-kas\/","og_locale":"de_DE","og_type":"article","og_title":"-","og_description":"Bryte nimmt in diesem Jahr an Kom in de Kas teil und ist stolz darauf, die T\u00fcren seines Unternehmens f\u00fcr die \u00d6ffentlichkeit zu \u00f6ffnen. Am Samstag, den 11. April, sind Besucher herzlich eingeladen, in den Konneweg 1A in Tinte zu kommen und einen einzigartigen Blick hinter die Kulissen zu werfen. An diesem Tag bietet Bryte [&hellip;]","og_url":"https:\/\/bryte.nu\/de\/bryte-oeffnet-tueren-waehrend-kom-in-de-kas\/","og_site_name":"Bryte","article_publisher":"https:\/\/www.facebook.com\/BryteGroep\/","article_published_time":"2026-04-01T13:37:31+00:00","article_modified_time":"2026-04-29T14:01:27+00:00","og_image":[{"width":2560,"height":1707,"url":"https:\/\/bryte.nu\/wp-content\/uploads\/2026\/04\/20241223Bryte-21-scaled.jpg","type":"image\/jpeg"}],"author":"Maxime van der Schans","twitter_card":"summary_large_image","twitter_misc":{"Verfasst von":"Maxime van der Schans","Gesch\u00e4tzte Lesezeit":"1\u00a0Minute"},"schema":{"@context":"https:\/\/schema.org","@graph":[{"@type":"Article","@id":"https:\/\/bryte.nu\/de\/bryte-oeffnet-tueren-waehrend-kom-in-de-kas\/#article","isPartOf":{"@id":"https:\/\/bryte.nu\/de\/bryte-oeffnet-tueren-waehrend-kom-in-de-kas\/"},"author":{"name":"Maxime van der Schans","@id":"https:\/\/bryte.nu\/de\/#\/schema\/person\/2d306d0c012a958c8a91cbf0bdd10ab3"},"headline":"Bryte \u00f6ffnet T\u00fcren w\u00e4hrend Kom in de Kas","datePublished":"2026-04-01T13:37:31+00:00","dateModified":"2026-04-29T14:01:27+00:00","mainEntityOfPage":{"@id":"https:\/\/bryte.nu\/de\/bryte-oeffnet-tueren-waehrend-kom-in-de-kas\/"},"wordCount":144,"publisher":{"@id":"https:\/\/bryte.nu\/de\/#organization"},"image":{"@id":"https:\/\/bryte.nu\/de\/bryte-oeffnet-tueren-waehrend-kom-in-de-kas\/#primaryimage"},"thumbnailUrl":"https:\/\/bryte.nu\/wp-content\/uploads\/2026\/04\/20241223Bryte-21-scaled.jpg","articleSection":["Nachrichten"],"inLanguage":"de"},{"@type":"WebPage","@id":"https:\/\/bryte.nu\/de\/bryte-oeffnet-tueren-waehrend-kom-in-de-kas\/","url":"https:\/\/bryte.nu\/de\/bryte-oeffnet-tueren-waehrend-kom-in-de-kas\/","name":"-","isPartOf":{"@id":"https:\/\/bryte.nu\/de\/#website"},"primaryImageOfPage":{"@id":"https:\/\/bryte.nu\/de\/bryte-oeffnet-tueren-waehrend-kom-in-de-kas\/#primaryimage"},"image":{"@id":"https:\/\/bryte.nu\/de\/bryte-oeffnet-tueren-waehrend-kom-in-de-kas\/#primaryimage"},"thumbnailUrl":"https:\/\/bryte.nu\/wp-content\/uploads\/2026\/04\/20241223Bryte-21-scaled.jpg","datePublished":"2026-04-01T13:37:31+00:00","dateModified":"2026-04-29T14:01:27+00:00","breadcrumb":{"@id":"https:\/\/bryte.nu\/de\/bryte-oeffnet-tueren-waehrend-kom-in-de-kas\/#breadcrumb"},"inLanguage":"de","potentialAction":[{"@type":"ReadAction","target":["https:\/\/bryte.nu\/de\/bryte-oeffnet-tueren-waehrend-kom-in-de-kas\/"]}]},{"@type":"ImageObject","inLanguage":"de","@id":"https:\/\/bryte.nu\/de\/bryte-oeffnet-tueren-waehrend-kom-in-de-kas\/#primaryimage","url":"https:\/\/bryte.nu\/wp-content\/uploads\/2026\/04\/20241223Bryte-21-scaled.jpg","contentUrl":"https:\/\/bryte.nu\/wp-content\/uploads\/2026\/04\/20241223Bryte-21-scaled.jpg","width":2560,"height":1707,"caption":"Sharon Schouten, Bruidsfotografie, Bedrijfsfotografie"},{"@type":"BreadcrumbList","@id":"https:\/\/bryte.nu\/de\/bryte-oeffnet-tueren-waehrend-kom-in-de-kas\/#breadcrumb","itemListElement":[{"@type":"ListItem","position":1,"name":"Startseite","item":"https:\/\/bryte.nu\/de\/startseite\/"},{"@type":"ListItem","position":2,"name":"Bryte \u00f6ffnet T\u00fcren w\u00e4hrend Kom in de Kas"}]},{"@type":"WebSite","@id":"https:\/\/bryte.nu\/de\/#website","url":"https:\/\/bryte.nu\/de\/","name":"Bryte","description":"Wo das Gl\u00fcck w\u00e4chst","publisher":{"@id":"https:\/\/bryte.nu\/de\/#organization"},"potentialAction":[{"@type":"SearchAction","target":{"@type":"EntryPoint","urlTemplate":"https:\/\/bryte.nu\/de\/?s={search_term_string}"},"query-input":{"@type":"PropertyValueSpecification","valueRequired":true,"valueName":"search_term_string"}}],"inLanguage":"de"},{"@type":"Organization","@id":"https:\/\/bryte.nu\/de\/#organization","name":"Bryte","url":"https:\/\/bryte.nu\/de\/","logo":{"@type":"ImageObject","inLanguage":"de","@id":"https:\/\/bryte.nu\/de\/#\/schema\/logo\/image\/","url":"https:\/\/bryte.nu\/wp-content\/uploads\/2025\/05\/20180873-Bryte-Logo-rgb-DEF.png","contentUrl":"https:\/\/bryte.nu\/wp-content\/uploads\/2025\/05\/20180873-Bryte-Logo-rgb-DEF.png","width":1477,"height":1182,"caption":"Bryte"},"image":{"@id":"https:\/\/bryte.nu\/de\/#\/schema\/logo\/image\/"},"sameAs":["https:\/\/www.facebook.com\/BryteGroep\/","https:\/\/www.instagram.com\/bryte_groep\/","https:\/\/www.linkedin.com\/company\/bryte-groep\/"]},{"@type":"Person","@id":"https:\/\/bryte.nu\/de\/#\/schema\/person\/2d306d0c012a958c8a91cbf0bdd10ab3","name":"Maxime van der Schans","image":{"@type":"ImageObject","inLanguage":"de","@id":"https:\/\/secure.gravatar.com\/avatar\/21fcb500f6cf7da37cd7f184c6c5e205160aa601428f6c2cc7e8887e16d8bc44?s=96&d=mm&r=g","url":"https:\/\/secure.gravatar.com\/avatar\/21fcb500f6cf7da37cd7f184c6c5e205160aa601428f6c2cc7e8887e16d8bc44?s=96&d=mm&r=g","contentUrl":"https:\/\/secure.gravatar.com\/avatar\/21fcb500f6cf7da37cd7f184c6c5e205160aa601428f6c2cc7e8887e16d8bc44?s=96&d=mm&r=g","caption":"Maxime van der Schans"},"url":"https:\/\/bryte.nu\/de\/author\/maxbryte\/"}]}},"_links":{"self":[{"href":"https:\/\/bryte.nu\/de\/wp-json\/wp\/v2\/posts\/3571","targetHints":{"allow":["GET"]}}],"collection":[{"href":"https:\/\/bryte.nu\/de\/wp-json\/wp\/v2\/posts"}],"about":[{"href":"https:\/\/bryte.nu\/de\/wp-json\/wp\/v2\/types\/post"}],"author":[{"embeddable":true,"href":"https:\/\/bryte.nu\/de\/wp-json\/wp\/v2\/users\/2"}],"replies":[{"embeddable":true,"href":"https:\/\/bryte.nu\/de\/wp-json\/wp\/v2\/comments?post=3571"}],"version-history":[{"count":3,"href":"https:\/\/bryte.nu\/de\/wp-json\/wp\/v2\/posts\/3571\/revisions"}],"predecessor-version":[{"id":3591,"href":"https:\/\/bryte.nu\/de\/wp-json\/wp\/v2\/posts\/3571\/revisions\/3591"}],"wp:featuredmedia":[{"embeddable":true,"href":"https:\/\/bryte.nu\/de\/wp-json\/wp\/v2\/media\/3558"}],"wp:attachment":[{"href":"https:\/\/bryte.nu\/de\/wp-json\/wp\/v2\/media?parent=3571"}],"wp:term":[{"taxonomy":"category","embeddable":true,"href":"https:\/\/bryte.nu\/de\/wp-json\/wp\/v2\/categories?post=3571"},{"taxonomy":"post_tag","embeddable":true,"href":"https:\/\/bryte.nu\/de\/wp-json\/wp\/v2\/tags?post=3571"}],"curies":[{"name":"wp","href":"https:\/\/api.w.org\/{rel}","templated":true}]}}