{"id":3494,"date":"2026-02-26T15:44:01","date_gmt":"2026-02-26T14:44:01","guid":{"rendered":"https:\/\/bryte.nu\/bryte-wita-mitchela-grootscholtena-na-stanowisku-dyrektora-finansowego\/"},"modified":"2026-04-29T16:01:12","modified_gmt":"2026-04-29T14:01:12","slug":"bryte-wita-mitchela-grootscholtena-na-stanowisku-dyrektora-finansowego","status":"publish","type":"post","link":"https:\/\/bryte.nu\/pl\/bryte-wita-mitchela-grootscholtena-na-stanowisku-dyrektora-finansowego\/","title":{"rendered":"Bryte wita Mitchela Grootscholtena na stanowisku dyrektora finansowego"},"content":{"rendered":"\n<p>'s-Gravenzande, 26 lutego 2026 r. - Wraz z powo\u0142aniem Mitchela Grootscholtena na stanowisko dyrektora finansowego, Bryte robi wa\u017cny krok w kierunku dalszego rozwoju i profesjonalizacji. Jego przybycie oznacza wyra\u017any kamie\u0144 milowy dla Bryte i podkre\u015bla ambicj\u0119 dalszego wsp\u00f3lnego budowania zr\u00f3wnowa\u017conej i przysz\u0142o\u015bciowej organizacji. <\/p>\n\n<p>Z Mitchelem na pok\u0142adzie, zesp\u00f3\u0142 zarz\u0105dzaj\u0105cy Bryte jest w pe\u0142ni si\u0142. W roli dyrektora finansowego b\u0119dzie on koncentrowa\u0142 si\u0119 na dalszym wzmacnianiu i wspieraniu strategicznego wzrostu oraz tworzeniu struktury i nadzoru dla wszystkich sp\u00f3\u0142ek i wsp\u00f3\u0142pracy w ramach grupy. <\/p>\n\n<p>Mitchel posiada szerokie do\u015bwiadczenie finansowe. Przed do\u0142\u0105czeniem do Bryte, jego role obejmowa\u0142y prac\u0119 w Rabobank i YEALD, gdzie zdoby\u0142 cenn\u0105 wiedz\u0119 w zakresie finansowania, doradztwa strategicznego i skalowalnego wzrostu. Na tym tle Mitchel by\u0142 mi\u0119dzy innymi zaanga\u017cowany w finansowanie TG7 (Thanet Earth) i kierowanie udzia\u0142em w A&amp;A Growers, wi\u0119c dobrze zna ju\u017c ludzi i firmy w Bryte. Jego wiedza i praktyczne do\u015bwiadczenie doskonale pasuj\u0105 do fazy, w kt\u00f3rej obecnie znajduje si\u0119 Bryte. \u0141\u0105cz\u0105c wnikliwo\u015b\u0107 finansow\u0105 z przedsi\u0119biorczo\u015bci\u0105 i podej\u015bciem zorientowanym na ludzi, Mitchel przyczynia si\u0119 do stworzenia solidnych podstaw dla dalszych innowacji i rozwoju.    <\/p>\n\n<p><em>\"To, co wyr\u00f3\u017cnia Bryte, to po\u0142\u0105czenie ambicji, wizji i silnej koncentracji na ludziach. Z niecierpliwo\u015bci\u0105 czekam na wsp\u00f3\u0142prac\u0119 z zespo\u0142em, aby dalej kszta\u0142towa\u0107 mo\u017cliwo\u015bci rozwoju\" -<\/em> powiedzia\u0142 Mitchel Grootscholten.<\/p>\n\n<p>Bryte r\u00f3wnie\u017c postrzega swoje przybycie jako wzmocnienie przyw\u00f3dztwa:<\/p>\n\n<p><em>\"Wraz z Mitchelem wnosimy nie tylko siln\u0105 wiedz\u0119 finansow\u0105 i strategiczn\u0105, ale tak\u017ce kogo\u015b, kto pasuje do naszej kultury i ambicji. Jego do\u015bwiadczenie i osobowo\u015b\u0107 sprawiaj\u0105, \u017ce jest cennym dodatkiem do zarz\u0105du\" -<\/em> powiedzia\u0142 Tom Zwinkels z Bryte.<\/p>\n\n<p>Dzi\u0119ki tej nominacji Bryte z ufno\u015bci\u0105 patrzy w przysz\u0142o\u015b\u0107 i robi kolejny wa\u017cny krok w kierunku przysz\u0142o\u015bci, w kt\u00f3rej rozw\u00f3j, wsp\u00f3\u0142praca i profesjonalizm s\u0105 kluczowe.<\/p>\n","protected":false},"excerpt":{"rendered":"<p>'s-Gravenzande, 26 lutego 2026 r. - Wraz z powo\u0142aniem Mitchela Grootscholtena na stanowisko dyrektora finansowego, Bryte robi wa\u017cny krok w kierunku dalszego rozwoju i profesjonalizacji. Jego przybycie oznacza wyra\u017any kamie\u0144 milowy dla Bryte i podkre\u015bla ambicj\u0119 dalszego wsp\u00f3lnego budowania zr\u00f3wnowa\u017conej i przysz\u0142o\u015bciowej organizacji. Z Mitchelem na pok\u0142adzie, zesp\u00f3\u0142 zarz\u0105dzaj\u0105cy Bryte jest w pe\u0142ni si\u0142. W [&hellip;]<\/p>\n","protected":false},"author":2,"featured_media":3514,"comment_status":"closed","ping_status":"closed","sticky":false,"template":"","format":"standard","meta":{"footnotes":""},"categories":[48],"tags":[],"class_list":["post-3494","post","type-post","status-publish","format-standard","has-post-thumbnail","hentry","category-aktualnosci"],"yoast_head":"<!-- This site is optimized with the Yoast SEO plugin v27.4 - https:\/\/yoast.com\/product\/yoast-seo-wordpress\/ -->\n<title>Bryte wita Mitchela Grootscholtena na stanowisku dyrektora finansowego - Bryte.<\/title>\n<meta name=\"robots\" content=\"index, follow, max-snippet:-1, max-image-preview:large, max-video-preview:-1\" \/>\n<link rel=\"canonical\" href=\"https:\/\/bryte.nu\/pl\/bryte-wita-mitchela-grootscholtena-na-stanowisku-dyrektora-finansowego\/\" \/>\n<meta property=\"og:locale\" content=\"pl_PL\" \/>\n<meta property=\"og:type\" content=\"article\" \/>\n<meta property=\"og:title\" content=\"Bryte wita Mitchela Grootscholtena na stanowisku dyrektora finansowego - Bryte.\" \/>\n<meta property=\"og:description\" content=\"&#039;s-Gravenzande, 26 lutego 2026 r. - Wraz z powo\u0142aniem Mitchela Grootscholtena na stanowisko dyrektora finansowego, Bryte robi wa\u017cny krok w kierunku dalszego rozwoju i profesjonalizacji. Jego przybycie oznacza wyra\u017any kamie\u0144 milowy dla Bryte i podkre\u015bla ambicj\u0119 dalszego wsp\u00f3lnego budowania zr\u00f3wnowa\u017conej i przysz\u0142o\u015bciowej organizacji. Z Mitchelem na pok\u0142adzie, zesp\u00f3\u0142 zarz\u0105dzaj\u0105cy Bryte jest w pe\u0142ni si\u0142. W [&hellip;]\" \/>\n<meta property=\"og:url\" content=\"https:\/\/bryte.nu\/pl\/bryte-wita-mitchela-grootscholtena-na-stanowisku-dyrektora-finansowego\/\" \/>\n<meta property=\"og:site_name\" content=\"Bryte\" \/>\n<meta property=\"article:publisher\" content=\"https:\/\/www.facebook.com\/BryteGroep\/\" \/>\n<meta property=\"article:published_time\" content=\"2026-02-26T14:44:01+00:00\" \/>\n<meta property=\"article:modified_time\" content=\"2026-04-29T14:01:12+00:00\" \/>\n<meta property=\"og:image\" content=\"https:\/\/bryte.nu\/wp-content\/uploads\/2026\/02\/7d9877fb-831e-48b2-bba7-3c03efd3d951.jpg\" \/>\n\t<meta property=\"og:image:width\" content=\"1708\" \/>\n\t<meta property=\"og:image:height\" content=\"1678\" \/>\n\t<meta property=\"og:image:type\" content=\"image\/jpeg\" \/>\n<meta name=\"author\" content=\"Maxime van der Schans\" \/>\n<meta name=\"twitter:card\" content=\"summary_large_image\" \/>\n<meta name=\"twitter:label1\" content=\"Napisane przez\" \/>\n\t<meta name=\"twitter:data1\" content=\"Maxime van der Schans\" \/>\n\t<meta name=\"twitter:label2\" content=\"Szacowany czas czytania\" \/>\n\t<meta name=\"twitter:data2\" content=\"2 minut\" \/>\n<script type=\"application\/ld+json\" class=\"yoast-schema-graph\">{\"@context\":\"https:\\\/\\\/schema.org\",\"@graph\":[{\"@type\":\"Article\",\"@id\":\"https:\\\/\\\/bryte.nu\\\/pl\\\/bryte-wita-mitchela-grootscholtena-na-stanowisku-dyrektora-finansowego\\\/#article\",\"isPartOf\":{\"@id\":\"https:\\\/\\\/bryte.nu\\\/pl\\\/bryte-wita-mitchela-grootscholtena-na-stanowisku-dyrektora-finansowego\\\/\"},\"author\":{\"name\":\"Maxime van der Schans\",\"@id\":\"https:\\\/\\\/bryte.nu\\\/pl\\\/#\\\/schema\\\/person\\\/2d306d0c012a958c8a91cbf0bdd10ab3\"},\"headline\":\"Bryte wita Mitchela Grootscholtena na stanowisku dyrektora finansowego\",\"datePublished\":\"2026-02-26T14:44:01+00:00\",\"dateModified\":\"2026-04-29T14:01:12+00:00\",\"mainEntityOfPage\":{\"@id\":\"https:\\\/\\\/bryte.nu\\\/pl\\\/bryte-wita-mitchela-grootscholtena-na-stanowisku-dyrektora-finansowego\\\/\"},\"wordCount\":335,\"publisher\":{\"@id\":\"https:\\\/\\\/bryte.nu\\\/pl\\\/#organization\"},\"image\":{\"@id\":\"https:\\\/\\\/bryte.nu\\\/pl\\\/bryte-wita-mitchela-grootscholtena-na-stanowisku-dyrektora-finansowego\\\/#primaryimage\"},\"thumbnailUrl\":\"https:\\\/\\\/bryte.nu\\\/wp-content\\\/uploads\\\/2026\\\/02\\\/7d9877fb-831e-48b2-bba7-3c03efd3d951.jpg\",\"articleSection\":[\"Aktualno\u015bci\"],\"inLanguage\":\"pl-PL\"},{\"@type\":\"WebPage\",\"@id\":\"https:\\\/\\\/bryte.nu\\\/pl\\\/bryte-wita-mitchela-grootscholtena-na-stanowisku-dyrektora-finansowego\\\/\",\"url\":\"https:\\\/\\\/bryte.nu\\\/pl\\\/bryte-wita-mitchela-grootscholtena-na-stanowisku-dyrektora-finansowego\\\/\",\"name\":\"Bryte wita Mitchela Grootscholtena na stanowisku dyrektora finansowego - Bryte.\",\"isPartOf\":{\"@id\":\"https:\\\/\\\/bryte.nu\\\/pl\\\/#website\"},\"primaryImageOfPage\":{\"@id\":\"https:\\\/\\\/bryte.nu\\\/pl\\\/bryte-wita-mitchela-grootscholtena-na-stanowisku-dyrektora-finansowego\\\/#primaryimage\"},\"image\":{\"@id\":\"https:\\\/\\\/bryte.nu\\\/pl\\\/bryte-wita-mitchela-grootscholtena-na-stanowisku-dyrektora-finansowego\\\/#primaryimage\"},\"thumbnailUrl\":\"https:\\\/\\\/bryte.nu\\\/wp-content\\\/uploads\\\/2026\\\/02\\\/7d9877fb-831e-48b2-bba7-3c03efd3d951.jpg\",\"datePublished\":\"2026-02-26T14:44:01+00:00\",\"dateModified\":\"2026-04-29T14:01:12+00:00\",\"breadcrumb\":{\"@id\":\"https:\\\/\\\/bryte.nu\\\/pl\\\/bryte-wita-mitchela-grootscholtena-na-stanowisku-dyrektora-finansowego\\\/#breadcrumb\"},\"inLanguage\":\"pl-PL\",\"potentialAction\":[{\"@type\":\"ReadAction\",\"target\":[\"https:\\\/\\\/bryte.nu\\\/pl\\\/bryte-wita-mitchela-grootscholtena-na-stanowisku-dyrektora-finansowego\\\/\"]}]},{\"@type\":\"ImageObject\",\"inLanguage\":\"pl-PL\",\"@id\":\"https:\\\/\\\/bryte.nu\\\/pl\\\/bryte-wita-mitchela-grootscholtena-na-stanowisku-dyrektora-finansowego\\\/#primaryimage\",\"url\":\"https:\\\/\\\/bryte.nu\\\/wp-content\\\/uploads\\\/2026\\\/02\\\/7d9877fb-831e-48b2-bba7-3c03efd3d951.jpg\",\"contentUrl\":\"https:\\\/\\\/bryte.nu\\\/wp-content\\\/uploads\\\/2026\\\/02\\\/7d9877fb-831e-48b2-bba7-3c03efd3d951.jpg\",\"width\":1708,\"height\":1678},{\"@type\":\"BreadcrumbList\",\"@id\":\"https:\\\/\\\/bryte.nu\\\/pl\\\/bryte-wita-mitchela-grootscholtena-na-stanowisku-dyrektora-finansowego\\\/#breadcrumb\",\"itemListElement\":[{\"@type\":\"ListItem\",\"position\":1,\"name\":\"Strona g\u0142\u00f3wna\",\"item\":\"https:\\\/\\\/bryte.nu\\\/pl\\\/strona-glowna\\\/\"},{\"@type\":\"ListItem\",\"position\":2,\"name\":\"Bryte wita Mitchela Grootscholtena na stanowisku dyrektora finansowego\"}]},{\"@type\":\"WebSite\",\"@id\":\"https:\\\/\\\/bryte.nu\\\/pl\\\/#website\",\"url\":\"https:\\\/\\\/bryte.nu\\\/pl\\\/\",\"name\":\"Bryte\",\"description\":\"Gdzie ro\u015bnie szcz\u0119\u015bcie\",\"publisher\":{\"@id\":\"https:\\\/\\\/bryte.nu\\\/pl\\\/#organization\"},\"potentialAction\":[{\"@type\":\"SearchAction\",\"target\":{\"@type\":\"EntryPoint\",\"urlTemplate\":\"https:\\\/\\\/bryte.nu\\\/pl\\\/?s={search_term_string}\"},\"query-input\":{\"@type\":\"PropertyValueSpecification\",\"valueRequired\":true,\"valueName\":\"search_term_string\"}}],\"inLanguage\":\"pl-PL\"},{\"@type\":\"Organization\",\"@id\":\"https:\\\/\\\/bryte.nu\\\/pl\\\/#organization\",\"name\":\"Bryte\",\"url\":\"https:\\\/\\\/bryte.nu\\\/pl\\\/\",\"logo\":{\"@type\":\"ImageObject\",\"inLanguage\":\"pl-PL\",\"@id\":\"https:\\\/\\\/bryte.nu\\\/pl\\\/#\\\/schema\\\/logo\\\/image\\\/\",\"url\":\"https:\\\/\\\/bryte.nu\\\/wp-content\\\/uploads\\\/2025\\\/05\\\/20180873-Bryte-Logo-rgb-DEF.png\",\"contentUrl\":\"https:\\\/\\\/bryte.nu\\\/wp-content\\\/uploads\\\/2025\\\/05\\\/20180873-Bryte-Logo-rgb-DEF.png\",\"width\":1477,\"height\":1182,\"caption\":\"Bryte\"},\"image\":{\"@id\":\"https:\\\/\\\/bryte.nu\\\/pl\\\/#\\\/schema\\\/logo\\\/image\\\/\"},\"sameAs\":[\"https:\\\/\\\/www.facebook.com\\\/BryteGroep\\\/\",\"https:\\\/\\\/www.instagram.com\\\/bryte_groep\\\/\",\"https:\\\/\\\/www.linkedin.com\\\/company\\\/bryte-groep\\\/\"]},{\"@type\":\"Person\",\"@id\":\"https:\\\/\\\/bryte.nu\\\/pl\\\/#\\\/schema\\\/person\\\/2d306d0c012a958c8a91cbf0bdd10ab3\",\"name\":\"Maxime van der Schans\",\"image\":{\"@type\":\"ImageObject\",\"inLanguage\":\"pl-PL\",\"@id\":\"https:\\\/\\\/secure.gravatar.com\\\/avatar\\\/21fcb500f6cf7da37cd7f184c6c5e205160aa601428f6c2cc7e8887e16d8bc44?s=96&d=mm&r=g\",\"url\":\"https:\\\/\\\/secure.gravatar.com\\\/avatar\\\/21fcb500f6cf7da37cd7f184c6c5e205160aa601428f6c2cc7e8887e16d8bc44?s=96&d=mm&r=g\",\"contentUrl\":\"https:\\\/\\\/secure.gravatar.com\\\/avatar\\\/21fcb500f6cf7da37cd7f184c6c5e205160aa601428f6c2cc7e8887e16d8bc44?s=96&d=mm&r=g\",\"caption\":\"Maxime van der Schans\"},\"url\":\"https:\\\/\\\/bryte.nu\\\/pl\\\/author\\\/maxbryte\\\/\"}]}<\/script>\n<!-- \/ Yoast SEO plugin. -->","yoast_head_json":{"title":"Bryte wita Mitchela Grootscholtena na stanowisku dyrektora finansowego - Bryte.","robots":{"index":"index","follow":"follow","max-snippet":"max-snippet:-1","max-image-preview":"max-image-preview:large","max-video-preview":"max-video-preview:-1"},"canonical":"https:\/\/bryte.nu\/pl\/bryte-wita-mitchela-grootscholtena-na-stanowisku-dyrektora-finansowego\/","og_locale":"pl_PL","og_type":"article","og_title":"Bryte wita Mitchela Grootscholtena na stanowisku dyrektora finansowego - Bryte.","og_description":"'s-Gravenzande, 26 lutego 2026 r. - Wraz z powo\u0142aniem Mitchela Grootscholtena na stanowisko dyrektora finansowego, Bryte robi wa\u017cny krok w kierunku dalszego rozwoju i profesjonalizacji. Jego przybycie oznacza wyra\u017any kamie\u0144 milowy dla Bryte i podkre\u015bla ambicj\u0119 dalszego wsp\u00f3lnego budowania zr\u00f3wnowa\u017conej i przysz\u0142o\u015bciowej organizacji. Z Mitchelem na pok\u0142adzie, zesp\u00f3\u0142 zarz\u0105dzaj\u0105cy Bryte jest w pe\u0142ni si\u0142. W [&hellip;]","og_url":"https:\/\/bryte.nu\/pl\/bryte-wita-mitchela-grootscholtena-na-stanowisku-dyrektora-finansowego\/","og_site_name":"Bryte","article_publisher":"https:\/\/www.facebook.com\/BryteGroep\/","article_published_time":"2026-02-26T14:44:01+00:00","article_modified_time":"2026-04-29T14:01:12+00:00","og_image":[{"width":1708,"height":1678,"url":"https:\/\/bryte.nu\/wp-content\/uploads\/2026\/02\/7d9877fb-831e-48b2-bba7-3c03efd3d951.jpg","type":"image\/jpeg"}],"author":"Maxime van der Schans","twitter_card":"summary_large_image","twitter_misc":{"Napisane przez":"Maxime van der Schans","Szacowany czas czytania":"2 minut"},"schema":{"@context":"https:\/\/schema.org","@graph":[{"@type":"Article","@id":"https:\/\/bryte.nu\/pl\/bryte-wita-mitchela-grootscholtena-na-stanowisku-dyrektora-finansowego\/#article","isPartOf":{"@id":"https:\/\/bryte.nu\/pl\/bryte-wita-mitchela-grootscholtena-na-stanowisku-dyrektora-finansowego\/"},"author":{"name":"Maxime van der Schans","@id":"https:\/\/bryte.nu\/pl\/#\/schema\/person\/2d306d0c012a958c8a91cbf0bdd10ab3"},"headline":"Bryte wita Mitchela Grootscholtena na stanowisku dyrektora finansowego","datePublished":"2026-02-26T14:44:01+00:00","dateModified":"2026-04-29T14:01:12+00:00","mainEntityOfPage":{"@id":"https:\/\/bryte.nu\/pl\/bryte-wita-mitchela-grootscholtena-na-stanowisku-dyrektora-finansowego\/"},"wordCount":335,"publisher":{"@id":"https:\/\/bryte.nu\/pl\/#organization"},"image":{"@id":"https:\/\/bryte.nu\/pl\/bryte-wita-mitchela-grootscholtena-na-stanowisku-dyrektora-finansowego\/#primaryimage"},"thumbnailUrl":"https:\/\/bryte.nu\/wp-content\/uploads\/2026\/02\/7d9877fb-831e-48b2-bba7-3c03efd3d951.jpg","articleSection":["Aktualno\u015bci"],"inLanguage":"pl-PL"},{"@type":"WebPage","@id":"https:\/\/bryte.nu\/pl\/bryte-wita-mitchela-grootscholtena-na-stanowisku-dyrektora-finansowego\/","url":"https:\/\/bryte.nu\/pl\/bryte-wita-mitchela-grootscholtena-na-stanowisku-dyrektora-finansowego\/","name":"Bryte wita Mitchela Grootscholtena na stanowisku dyrektora finansowego - Bryte.","isPartOf":{"@id":"https:\/\/bryte.nu\/pl\/#website"},"primaryImageOfPage":{"@id":"https:\/\/bryte.nu\/pl\/bryte-wita-mitchela-grootscholtena-na-stanowisku-dyrektora-finansowego\/#primaryimage"},"image":{"@id":"https:\/\/bryte.nu\/pl\/bryte-wita-mitchela-grootscholtena-na-stanowisku-dyrektora-finansowego\/#primaryimage"},"thumbnailUrl":"https:\/\/bryte.nu\/wp-content\/uploads\/2026\/02\/7d9877fb-831e-48b2-bba7-3c03efd3d951.jpg","datePublished":"2026-02-26T14:44:01+00:00","dateModified":"2026-04-29T14:01:12+00:00","breadcrumb":{"@id":"https:\/\/bryte.nu\/pl\/bryte-wita-mitchela-grootscholtena-na-stanowisku-dyrektora-finansowego\/#breadcrumb"},"inLanguage":"pl-PL","potentialAction":[{"@type":"ReadAction","target":["https:\/\/bryte.nu\/pl\/bryte-wita-mitchela-grootscholtena-na-stanowisku-dyrektora-finansowego\/"]}]},{"@type":"ImageObject","inLanguage":"pl-PL","@id":"https:\/\/bryte.nu\/pl\/bryte-wita-mitchela-grootscholtena-na-stanowisku-dyrektora-finansowego\/#primaryimage","url":"https:\/\/bryte.nu\/wp-content\/uploads\/2026\/02\/7d9877fb-831e-48b2-bba7-3c03efd3d951.jpg","contentUrl":"https:\/\/bryte.nu\/wp-content\/uploads\/2026\/02\/7d9877fb-831e-48b2-bba7-3c03efd3d951.jpg","width":1708,"height":1678},{"@type":"BreadcrumbList","@id":"https:\/\/bryte.nu\/pl\/bryte-wita-mitchela-grootscholtena-na-stanowisku-dyrektora-finansowego\/#breadcrumb","itemListElement":[{"@type":"ListItem","position":1,"name":"Strona g\u0142\u00f3wna","item":"https:\/\/bryte.nu\/pl\/strona-glowna\/"},{"@type":"ListItem","position":2,"name":"Bryte wita Mitchela Grootscholtena na stanowisku dyrektora finansowego"}]},{"@type":"WebSite","@id":"https:\/\/bryte.nu\/pl\/#website","url":"https:\/\/bryte.nu\/pl\/","name":"Bryte","description":"Gdzie ro\u015bnie szcz\u0119\u015bcie","publisher":{"@id":"https:\/\/bryte.nu\/pl\/#organization"},"potentialAction":[{"@type":"SearchAction","target":{"@type":"EntryPoint","urlTemplate":"https:\/\/bryte.nu\/pl\/?s={search_term_string}"},"query-input":{"@type":"PropertyValueSpecification","valueRequired":true,"valueName":"search_term_string"}}],"inLanguage":"pl-PL"},{"@type":"Organization","@id":"https:\/\/bryte.nu\/pl\/#organization","name":"Bryte","url":"https:\/\/bryte.nu\/pl\/","logo":{"@type":"ImageObject","inLanguage":"pl-PL","@id":"https:\/\/bryte.nu\/pl\/#\/schema\/logo\/image\/","url":"https:\/\/bryte.nu\/wp-content\/uploads\/2025\/05\/20180873-Bryte-Logo-rgb-DEF.png","contentUrl":"https:\/\/bryte.nu\/wp-content\/uploads\/2025\/05\/20180873-Bryte-Logo-rgb-DEF.png","width":1477,"height":1182,"caption":"Bryte"},"image":{"@id":"https:\/\/bryte.nu\/pl\/#\/schema\/logo\/image\/"},"sameAs":["https:\/\/www.facebook.com\/BryteGroep\/","https:\/\/www.instagram.com\/bryte_groep\/","https:\/\/www.linkedin.com\/company\/bryte-groep\/"]},{"@type":"Person","@id":"https:\/\/bryte.nu\/pl\/#\/schema\/person\/2d306d0c012a958c8a91cbf0bdd10ab3","name":"Maxime van der Schans","image":{"@type":"ImageObject","inLanguage":"pl-PL","@id":"https:\/\/secure.gravatar.com\/avatar\/21fcb500f6cf7da37cd7f184c6c5e205160aa601428f6c2cc7e8887e16d8bc44?s=96&d=mm&r=g","url":"https:\/\/secure.gravatar.com\/avatar\/21fcb500f6cf7da37cd7f184c6c5e205160aa601428f6c2cc7e8887e16d8bc44?s=96&d=mm&r=g","contentUrl":"https:\/\/secure.gravatar.com\/avatar\/21fcb500f6cf7da37cd7f184c6c5e205160aa601428f6c2cc7e8887e16d8bc44?s=96&d=mm&r=g","caption":"Maxime van der Schans"},"url":"https:\/\/bryte.nu\/pl\/author\/maxbryte\/"}]}},"_links":{"self":[{"href":"https:\/\/bryte.nu\/pl\/wp-json\/wp\/v2\/posts\/3494","targetHints":{"allow":["GET"]}}],"collection":[{"href":"https:\/\/bryte.nu\/pl\/wp-json\/wp\/v2\/posts"}],"about":[{"href":"https:\/\/bryte.nu\/pl\/wp-json\/wp\/v2\/types\/post"}],"author":[{"embeddable":true,"href":"https:\/\/bryte.nu\/pl\/wp-json\/wp\/v2\/users\/2"}],"replies":[{"embeddable":true,"href":"https:\/\/bryte.nu\/pl\/wp-json\/wp\/v2\/comments?post=3494"}],"version-history":[{"count":1,"href":"https:\/\/bryte.nu\/pl\/wp-json\/wp\/v2\/posts\/3494\/revisions"}],"predecessor-version":[{"id":3496,"href":"https:\/\/bryte.nu\/pl\/wp-json\/wp\/v2\/posts\/3494\/revisions\/3496"}],"wp:featuredmedia":[{"embeddable":true,"href":"https:\/\/bryte.nu\/pl\/wp-json\/wp\/v2\/media\/3514"}],"wp:attachment":[{"href":"https:\/\/bryte.nu\/pl\/wp-json\/wp\/v2\/media?parent=3494"}],"wp:term":[{"taxonomy":"category","embeddable":true,"href":"https:\/\/bryte.nu\/pl\/wp-json\/wp\/v2\/categories?post=3494"},{"taxonomy":"post_tag","embeddable":true,"href":"https:\/\/bryte.nu\/pl\/wp-json\/wp\/v2\/tags?post=3494"}],"curies":[{"name":"wp","href":"https:\/\/api.w.org\/{rel}","templated":true}]}}