{"id":3577,"date":"2026-04-01T15:37:31","date_gmt":"2026-04-01T13:37:31","guid":{"rendered":"https:\/\/bryte.nu\/bryte-otwiera-drzwi-podczas-kom-in-de-kas\/"},"modified":"2026-04-29T16:01:12","modified_gmt":"2026-04-29T14:01:12","slug":"bryte-otwiera-drzwi-podczas-kom-in-de-kas","status":"publish","type":"post","link":"https:\/\/bryte.nu\/pl\/bryte-otwiera-drzwi-podczas-kom-in-de-kas\/","title":{"rendered":"Bryte otwiera drzwi podczas Kom in de Kas"},"content":{"rendered":"\n<p>Bryte uczestniczy w tym roku w <a href=\"https:\/\/www.komindekas.nl\/locaties\/voorne-putten\/\" type=\"link\" id=\"https:\/\/www.komindekas.nl\/locaties\/voorne-putten\/\">Kom in de Kas<\/a> i z dum\u0105 otwiera drzwi swojej firmy dla publiczno\u015bci. W sobot\u0119 11 kwietnia odwiedzaj\u0105cy mog\u0105 przyj\u015b\u0107 do Konneweg 1A w Tinte, aby zajrze\u0107 za kulisy. <\/p>\n\n<p>W tym dniu Bryte oferuje specjaln\u0105 okazj\u0119, aby zobaczy\u0107 z bliska, jak dzia\u0142a nowoczesna uprawa pomidor\u00f3w. Odwiedzaj\u0105cy odkryj\u0105, jak innowacyjno\u015b\u0107, zr\u00f3wnowa\u017cony rozw\u00f3j i rzemios\u0142o \u0142\u0105cz\u0105 si\u0119 w naszym procesie produkcji pomidor\u00f3w. <\/p>\n\n<p>Kom in de Kas to czas na poznanie sektora szklarniowego od \u015brodka.  <\/p>\n\n<p>Ka\u017cdy mo\u017ce wpa\u015b\u0107, zadawa\u0107 pytania i poczu\u0107 rodzinn\u0105 atmosfer\u0119 Bryte.  <\/p>\n\n<p><strong>Informacje praktyczne:<\/strong><\/p>\n\n<ul class=\"wp-block-list\">\n<li>Data: sobota, 11 kwietnia<\/li>\n\n\n\n<li>Lokalizacja: Konneweg 1A, Tinte<\/li>\n\n\n\n<li>Czas: 10 rano - 4 po po\u0142udniu.  <\/li>\n\n\n\n<li>Wst\u0119p: bezp\u0142atny<\/li>\n<\/ul>\n\n<p><\/p>\n\n<p><strong>Przyjdziesz i obejrzysz nasz\u0105 szklarni\u0119?<\/strong><\/p>\n\n<p><\/p>\n","protected":false},"excerpt":{"rendered":"<p>Bryte uczestniczy w tym roku w Kom in de Kas i z dum\u0105 otwiera drzwi swojej firmy dla publiczno\u015bci. W sobot\u0119 11 kwietnia odwiedzaj\u0105cy mog\u0105 przyj\u015b\u0107 do Konneweg 1A w Tinte, aby zajrze\u0107 za kulisy. W tym dniu Bryte oferuje specjaln\u0105 okazj\u0119, aby zobaczy\u0107 z bliska, jak dzia\u0142a nowoczesna uprawa pomidor\u00f3w. Odwiedzaj\u0105cy odkryj\u0105, jak innowacyjno\u015b\u0107, [&hellip;]<\/p>\n","protected":false},"author":2,"featured_media":3559,"comment_status":"closed","ping_status":"closed","sticky":false,"template":"","format":"standard","meta":{"footnotes":""},"categories":[48],"tags":[],"class_list":["post-3577","post","type-post","status-publish","format-standard","has-post-thumbnail","hentry","category-aktualnosci"],"yoast_head":"<!-- This site is optimized with the Yoast SEO plugin v27.4 - https:\/\/yoast.com\/product\/yoast-seo-wordpress\/ -->\n<title>Bryte otwiera drzwi podczas Kom in de Kas - Bryte.<\/title>\n<meta name=\"robots\" content=\"index, follow, max-snippet:-1, max-image-preview:large, max-video-preview:-1\" \/>\n<link rel=\"canonical\" href=\"https:\/\/bryte.nu\/pl\/bryte-otwiera-drzwi-podczas-kom-in-de-kas\/\" \/>\n<meta property=\"og:locale\" content=\"pl_PL\" \/>\n<meta property=\"og:type\" content=\"article\" \/>\n<meta property=\"og:title\" content=\"Bryte otwiera drzwi podczas Kom in de Kas - Bryte.\" \/>\n<meta property=\"og:description\" content=\"Bryte uczestniczy w tym roku w Kom in de Kas i z dum\u0105 otwiera drzwi swojej firmy dla publiczno\u015bci. W sobot\u0119 11 kwietnia odwiedzaj\u0105cy mog\u0105 przyj\u015b\u0107 do Konneweg 1A w Tinte, aby zajrze\u0107 za kulisy. W tym dniu Bryte oferuje specjaln\u0105 okazj\u0119, aby zobaczy\u0107 z bliska, jak dzia\u0142a nowoczesna uprawa pomidor\u00f3w. Odwiedzaj\u0105cy odkryj\u0105, jak innowacyjno\u015b\u0107, [&hellip;]\" \/>\n<meta property=\"og:url\" content=\"https:\/\/bryte.nu\/pl\/bryte-otwiera-drzwi-podczas-kom-in-de-kas\/\" \/>\n<meta property=\"og:site_name\" content=\"Bryte\" \/>\n<meta property=\"article:publisher\" content=\"https:\/\/www.facebook.com\/BryteGroep\/\" \/>\n<meta property=\"article:published_time\" content=\"2026-04-01T13:37:31+00:00\" \/>\n<meta property=\"article:modified_time\" content=\"2026-04-29T14:01:12+00:00\" \/>\n<meta property=\"og:image\" content=\"https:\/\/bryte.nu\/wp-content\/uploads\/2026\/04\/20241223Bryte-21-scaled.jpg\" \/>\n\t<meta property=\"og:image:width\" content=\"2560\" \/>\n\t<meta property=\"og:image:height\" content=\"1707\" \/>\n\t<meta property=\"og:image:type\" content=\"image\/jpeg\" \/>\n<meta name=\"author\" content=\"Maxime van der Schans\" \/>\n<meta name=\"twitter:card\" content=\"summary_large_image\" \/>\n<meta name=\"twitter:label1\" content=\"Napisane przez\" \/>\n\t<meta name=\"twitter:data1\" content=\"Maxime van der Schans\" \/>\n\t<meta name=\"twitter:label2\" content=\"Szacowany czas czytania\" \/>\n\t<meta name=\"twitter:data2\" content=\"1 minuta\" \/>\n<script type=\"application\/ld+json\" class=\"yoast-schema-graph\">{\"@context\":\"https:\\\/\\\/schema.org\",\"@graph\":[{\"@type\":\"Article\",\"@id\":\"https:\\\/\\\/bryte.nu\\\/pl\\\/bryte-otwiera-drzwi-podczas-kom-in-de-kas\\\/#article\",\"isPartOf\":{\"@id\":\"https:\\\/\\\/bryte.nu\\\/pl\\\/bryte-otwiera-drzwi-podczas-kom-in-de-kas\\\/\"},\"author\":{\"name\":\"Maxime van der Schans\",\"@id\":\"https:\\\/\\\/bryte.nu\\\/pl\\\/#\\\/schema\\\/person\\\/2d306d0c012a958c8a91cbf0bdd10ab3\"},\"headline\":\"Bryte otwiera drzwi podczas Kom in de Kas\",\"datePublished\":\"2026-04-01T13:37:31+00:00\",\"dateModified\":\"2026-04-29T14:01:12+00:00\",\"mainEntityOfPage\":{\"@id\":\"https:\\\/\\\/bryte.nu\\\/pl\\\/bryte-otwiera-drzwi-podczas-kom-in-de-kas\\\/\"},\"wordCount\":131,\"publisher\":{\"@id\":\"https:\\\/\\\/bryte.nu\\\/pl\\\/#organization\"},\"image\":{\"@id\":\"https:\\\/\\\/bryte.nu\\\/pl\\\/bryte-otwiera-drzwi-podczas-kom-in-de-kas\\\/#primaryimage\"},\"thumbnailUrl\":\"https:\\\/\\\/bryte.nu\\\/wp-content\\\/uploads\\\/2026\\\/04\\\/20241223Bryte-21-scaled.jpg\",\"articleSection\":[\"Aktualno\u015bci\"],\"inLanguage\":\"pl-PL\"},{\"@type\":\"WebPage\",\"@id\":\"https:\\\/\\\/bryte.nu\\\/pl\\\/bryte-otwiera-drzwi-podczas-kom-in-de-kas\\\/\",\"url\":\"https:\\\/\\\/bryte.nu\\\/pl\\\/bryte-otwiera-drzwi-podczas-kom-in-de-kas\\\/\",\"name\":\"Bryte otwiera drzwi podczas Kom in de Kas - Bryte.\",\"isPartOf\":{\"@id\":\"https:\\\/\\\/bryte.nu\\\/pl\\\/#website\"},\"primaryImageOfPage\":{\"@id\":\"https:\\\/\\\/bryte.nu\\\/pl\\\/bryte-otwiera-drzwi-podczas-kom-in-de-kas\\\/#primaryimage\"},\"image\":{\"@id\":\"https:\\\/\\\/bryte.nu\\\/pl\\\/bryte-otwiera-drzwi-podczas-kom-in-de-kas\\\/#primaryimage\"},\"thumbnailUrl\":\"https:\\\/\\\/bryte.nu\\\/wp-content\\\/uploads\\\/2026\\\/04\\\/20241223Bryte-21-scaled.jpg\",\"datePublished\":\"2026-04-01T13:37:31+00:00\",\"dateModified\":\"2026-04-29T14:01:12+00:00\",\"breadcrumb\":{\"@id\":\"https:\\\/\\\/bryte.nu\\\/pl\\\/bryte-otwiera-drzwi-podczas-kom-in-de-kas\\\/#breadcrumb\"},\"inLanguage\":\"pl-PL\",\"potentialAction\":[{\"@type\":\"ReadAction\",\"target\":[\"https:\\\/\\\/bryte.nu\\\/pl\\\/bryte-otwiera-drzwi-podczas-kom-in-de-kas\\\/\"]}]},{\"@type\":\"ImageObject\",\"inLanguage\":\"pl-PL\",\"@id\":\"https:\\\/\\\/bryte.nu\\\/pl\\\/bryte-otwiera-drzwi-podczas-kom-in-de-kas\\\/#primaryimage\",\"url\":\"https:\\\/\\\/bryte.nu\\\/wp-content\\\/uploads\\\/2026\\\/04\\\/20241223Bryte-21-scaled.jpg\",\"contentUrl\":\"https:\\\/\\\/bryte.nu\\\/wp-content\\\/uploads\\\/2026\\\/04\\\/20241223Bryte-21-scaled.jpg\",\"width\":2560,\"height\":1707,\"caption\":\"Sharon Schouten, Bruidsfotografie, Bedrijfsfotografie\"},{\"@type\":\"BreadcrumbList\",\"@id\":\"https:\\\/\\\/bryte.nu\\\/pl\\\/bryte-otwiera-drzwi-podczas-kom-in-de-kas\\\/#breadcrumb\",\"itemListElement\":[{\"@type\":\"ListItem\",\"position\":1,\"name\":\"Strona g\u0142\u00f3wna\",\"item\":\"https:\\\/\\\/bryte.nu\\\/pl\\\/strona-glowna\\\/\"},{\"@type\":\"ListItem\",\"position\":2,\"name\":\"Bryte otwiera drzwi podczas Kom in de Kas\"}]},{\"@type\":\"WebSite\",\"@id\":\"https:\\\/\\\/bryte.nu\\\/pl\\\/#website\",\"url\":\"https:\\\/\\\/bryte.nu\\\/pl\\\/\",\"name\":\"Bryte\",\"description\":\"Gdzie ro\u015bnie szcz\u0119\u015bcie\",\"publisher\":{\"@id\":\"https:\\\/\\\/bryte.nu\\\/pl\\\/#organization\"},\"potentialAction\":[{\"@type\":\"SearchAction\",\"target\":{\"@type\":\"EntryPoint\",\"urlTemplate\":\"https:\\\/\\\/bryte.nu\\\/pl\\\/?s={search_term_string}\"},\"query-input\":{\"@type\":\"PropertyValueSpecification\",\"valueRequired\":true,\"valueName\":\"search_term_string\"}}],\"inLanguage\":\"pl-PL\"},{\"@type\":\"Organization\",\"@id\":\"https:\\\/\\\/bryte.nu\\\/pl\\\/#organization\",\"name\":\"Bryte\",\"url\":\"https:\\\/\\\/bryte.nu\\\/pl\\\/\",\"logo\":{\"@type\":\"ImageObject\",\"inLanguage\":\"pl-PL\",\"@id\":\"https:\\\/\\\/bryte.nu\\\/pl\\\/#\\\/schema\\\/logo\\\/image\\\/\",\"url\":\"https:\\\/\\\/bryte.nu\\\/wp-content\\\/uploads\\\/2025\\\/05\\\/20180873-Bryte-Logo-rgb-DEF.png\",\"contentUrl\":\"https:\\\/\\\/bryte.nu\\\/wp-content\\\/uploads\\\/2025\\\/05\\\/20180873-Bryte-Logo-rgb-DEF.png\",\"width\":1477,\"height\":1182,\"caption\":\"Bryte\"},\"image\":{\"@id\":\"https:\\\/\\\/bryte.nu\\\/pl\\\/#\\\/schema\\\/logo\\\/image\\\/\"},\"sameAs\":[\"https:\\\/\\\/www.facebook.com\\\/BryteGroep\\\/\",\"https:\\\/\\\/www.instagram.com\\\/bryte_groep\\\/\",\"https:\\\/\\\/www.linkedin.com\\\/company\\\/bryte-groep\\\/\"]},{\"@type\":\"Person\",\"@id\":\"https:\\\/\\\/bryte.nu\\\/pl\\\/#\\\/schema\\\/person\\\/2d306d0c012a958c8a91cbf0bdd10ab3\",\"name\":\"Maxime van der Schans\",\"image\":{\"@type\":\"ImageObject\",\"inLanguage\":\"pl-PL\",\"@id\":\"https:\\\/\\\/secure.gravatar.com\\\/avatar\\\/21fcb500f6cf7da37cd7f184c6c5e205160aa601428f6c2cc7e8887e16d8bc44?s=96&d=mm&r=g\",\"url\":\"https:\\\/\\\/secure.gravatar.com\\\/avatar\\\/21fcb500f6cf7da37cd7f184c6c5e205160aa601428f6c2cc7e8887e16d8bc44?s=96&d=mm&r=g\",\"contentUrl\":\"https:\\\/\\\/secure.gravatar.com\\\/avatar\\\/21fcb500f6cf7da37cd7f184c6c5e205160aa601428f6c2cc7e8887e16d8bc44?s=96&d=mm&r=g\",\"caption\":\"Maxime van der Schans\"},\"url\":\"https:\\\/\\\/bryte.nu\\\/pl\\\/author\\\/maxbryte\\\/\"}]}<\/script>\n<!-- \/ Yoast SEO plugin. -->","yoast_head_json":{"title":"Bryte otwiera drzwi podczas Kom in de Kas - Bryte.","robots":{"index":"index","follow":"follow","max-snippet":"max-snippet:-1","max-image-preview":"max-image-preview:large","max-video-preview":"max-video-preview:-1"},"canonical":"https:\/\/bryte.nu\/pl\/bryte-otwiera-drzwi-podczas-kom-in-de-kas\/","og_locale":"pl_PL","og_type":"article","og_title":"Bryte otwiera drzwi podczas Kom in de Kas - Bryte.","og_description":"Bryte uczestniczy w tym roku w Kom in de Kas i z dum\u0105 otwiera drzwi swojej firmy dla publiczno\u015bci. W sobot\u0119 11 kwietnia odwiedzaj\u0105cy mog\u0105 przyj\u015b\u0107 do Konneweg 1A w Tinte, aby zajrze\u0107 za kulisy. W tym dniu Bryte oferuje specjaln\u0105 okazj\u0119, aby zobaczy\u0107 z bliska, jak dzia\u0142a nowoczesna uprawa pomidor\u00f3w. Odwiedzaj\u0105cy odkryj\u0105, jak innowacyjno\u015b\u0107, [&hellip;]","og_url":"https:\/\/bryte.nu\/pl\/bryte-otwiera-drzwi-podczas-kom-in-de-kas\/","og_site_name":"Bryte","article_publisher":"https:\/\/www.facebook.com\/BryteGroep\/","article_published_time":"2026-04-01T13:37:31+00:00","article_modified_time":"2026-04-29T14:01:12+00:00","og_image":[{"width":2560,"height":1707,"url":"https:\/\/bryte.nu\/wp-content\/uploads\/2026\/04\/20241223Bryte-21-scaled.jpg","type":"image\/jpeg"}],"author":"Maxime van der Schans","twitter_card":"summary_large_image","twitter_misc":{"Napisane przez":"Maxime van der Schans","Szacowany czas czytania":"1 minuta"},"schema":{"@context":"https:\/\/schema.org","@graph":[{"@type":"Article","@id":"https:\/\/bryte.nu\/pl\/bryte-otwiera-drzwi-podczas-kom-in-de-kas\/#article","isPartOf":{"@id":"https:\/\/bryte.nu\/pl\/bryte-otwiera-drzwi-podczas-kom-in-de-kas\/"},"author":{"name":"Maxime van der Schans","@id":"https:\/\/bryte.nu\/pl\/#\/schema\/person\/2d306d0c012a958c8a91cbf0bdd10ab3"},"headline":"Bryte otwiera drzwi podczas Kom in de Kas","datePublished":"2026-04-01T13:37:31+00:00","dateModified":"2026-04-29T14:01:12+00:00","mainEntityOfPage":{"@id":"https:\/\/bryte.nu\/pl\/bryte-otwiera-drzwi-podczas-kom-in-de-kas\/"},"wordCount":131,"publisher":{"@id":"https:\/\/bryte.nu\/pl\/#organization"},"image":{"@id":"https:\/\/bryte.nu\/pl\/bryte-otwiera-drzwi-podczas-kom-in-de-kas\/#primaryimage"},"thumbnailUrl":"https:\/\/bryte.nu\/wp-content\/uploads\/2026\/04\/20241223Bryte-21-scaled.jpg","articleSection":["Aktualno\u015bci"],"inLanguage":"pl-PL"},{"@type":"WebPage","@id":"https:\/\/bryte.nu\/pl\/bryte-otwiera-drzwi-podczas-kom-in-de-kas\/","url":"https:\/\/bryte.nu\/pl\/bryte-otwiera-drzwi-podczas-kom-in-de-kas\/","name":"Bryte otwiera drzwi podczas Kom in de Kas - Bryte.","isPartOf":{"@id":"https:\/\/bryte.nu\/pl\/#website"},"primaryImageOfPage":{"@id":"https:\/\/bryte.nu\/pl\/bryte-otwiera-drzwi-podczas-kom-in-de-kas\/#primaryimage"},"image":{"@id":"https:\/\/bryte.nu\/pl\/bryte-otwiera-drzwi-podczas-kom-in-de-kas\/#primaryimage"},"thumbnailUrl":"https:\/\/bryte.nu\/wp-content\/uploads\/2026\/04\/20241223Bryte-21-scaled.jpg","datePublished":"2026-04-01T13:37:31+00:00","dateModified":"2026-04-29T14:01:12+00:00","breadcrumb":{"@id":"https:\/\/bryte.nu\/pl\/bryte-otwiera-drzwi-podczas-kom-in-de-kas\/#breadcrumb"},"inLanguage":"pl-PL","potentialAction":[{"@type":"ReadAction","target":["https:\/\/bryte.nu\/pl\/bryte-otwiera-drzwi-podczas-kom-in-de-kas\/"]}]},{"@type":"ImageObject","inLanguage":"pl-PL","@id":"https:\/\/bryte.nu\/pl\/bryte-otwiera-drzwi-podczas-kom-in-de-kas\/#primaryimage","url":"https:\/\/bryte.nu\/wp-content\/uploads\/2026\/04\/20241223Bryte-21-scaled.jpg","contentUrl":"https:\/\/bryte.nu\/wp-content\/uploads\/2026\/04\/20241223Bryte-21-scaled.jpg","width":2560,"height":1707,"caption":"Sharon Schouten, Bruidsfotografie, Bedrijfsfotografie"},{"@type":"BreadcrumbList","@id":"https:\/\/bryte.nu\/pl\/bryte-otwiera-drzwi-podczas-kom-in-de-kas\/#breadcrumb","itemListElement":[{"@type":"ListItem","position":1,"name":"Strona g\u0142\u00f3wna","item":"https:\/\/bryte.nu\/pl\/strona-glowna\/"},{"@type":"ListItem","position":2,"name":"Bryte otwiera drzwi podczas Kom in de Kas"}]},{"@type":"WebSite","@id":"https:\/\/bryte.nu\/pl\/#website","url":"https:\/\/bryte.nu\/pl\/","name":"Bryte","description":"Gdzie ro\u015bnie szcz\u0119\u015bcie","publisher":{"@id":"https:\/\/bryte.nu\/pl\/#organization"},"potentialAction":[{"@type":"SearchAction","target":{"@type":"EntryPoint","urlTemplate":"https:\/\/bryte.nu\/pl\/?s={search_term_string}"},"query-input":{"@type":"PropertyValueSpecification","valueRequired":true,"valueName":"search_term_string"}}],"inLanguage":"pl-PL"},{"@type":"Organization","@id":"https:\/\/bryte.nu\/pl\/#organization","name":"Bryte","url":"https:\/\/bryte.nu\/pl\/","logo":{"@type":"ImageObject","inLanguage":"pl-PL","@id":"https:\/\/bryte.nu\/pl\/#\/schema\/logo\/image\/","url":"https:\/\/bryte.nu\/wp-content\/uploads\/2025\/05\/20180873-Bryte-Logo-rgb-DEF.png","contentUrl":"https:\/\/bryte.nu\/wp-content\/uploads\/2025\/05\/20180873-Bryte-Logo-rgb-DEF.png","width":1477,"height":1182,"caption":"Bryte"},"image":{"@id":"https:\/\/bryte.nu\/pl\/#\/schema\/logo\/image\/"},"sameAs":["https:\/\/www.facebook.com\/BryteGroep\/","https:\/\/www.instagram.com\/bryte_groep\/","https:\/\/www.linkedin.com\/company\/bryte-groep\/"]},{"@type":"Person","@id":"https:\/\/bryte.nu\/pl\/#\/schema\/person\/2d306d0c012a958c8a91cbf0bdd10ab3","name":"Maxime van der Schans","image":{"@type":"ImageObject","inLanguage":"pl-PL","@id":"https:\/\/secure.gravatar.com\/avatar\/21fcb500f6cf7da37cd7f184c6c5e205160aa601428f6c2cc7e8887e16d8bc44?s=96&d=mm&r=g","url":"https:\/\/secure.gravatar.com\/avatar\/21fcb500f6cf7da37cd7f184c6c5e205160aa601428f6c2cc7e8887e16d8bc44?s=96&d=mm&r=g","contentUrl":"https:\/\/secure.gravatar.com\/avatar\/21fcb500f6cf7da37cd7f184c6c5e205160aa601428f6c2cc7e8887e16d8bc44?s=96&d=mm&r=g","caption":"Maxime van der Schans"},"url":"https:\/\/bryte.nu\/pl\/author\/maxbryte\/"}]}},"_links":{"self":[{"href":"https:\/\/bryte.nu\/pl\/wp-json\/wp\/v2\/posts\/3577","targetHints":{"allow":["GET"]}}],"collection":[{"href":"https:\/\/bryte.nu\/pl\/wp-json\/wp\/v2\/posts"}],"about":[{"href":"https:\/\/bryte.nu\/pl\/wp-json\/wp\/v2\/types\/post"}],"author":[{"embeddable":true,"href":"https:\/\/bryte.nu\/pl\/wp-json\/wp\/v2\/users\/2"}],"replies":[{"embeddable":true,"href":"https:\/\/bryte.nu\/pl\/wp-json\/wp\/v2\/comments?post=3577"}],"version-history":[{"count":3,"href":"https:\/\/bryte.nu\/pl\/wp-json\/wp\/v2\/posts\/3577\/revisions"}],"predecessor-version":[{"id":3590,"href":"https:\/\/bryte.nu\/pl\/wp-json\/wp\/v2\/posts\/3577\/revisions\/3590"}],"wp:featuredmedia":[{"embeddable":true,"href":"https:\/\/bryte.nu\/pl\/wp-json\/wp\/v2\/media\/3559"}],"wp:attachment":[{"href":"https:\/\/bryte.nu\/pl\/wp-json\/wp\/v2\/media?parent=3577"}],"wp:term":[{"taxonomy":"category","embeddable":true,"href":"https:\/\/bryte.nu\/pl\/wp-json\/wp\/v2\/categories?post=3577"},{"taxonomy":"post_tag","embeddable":true,"href":"https:\/\/bryte.nu\/pl\/wp-json\/wp\/v2\/tags?post=3577"}],"curies":[{"name":"wp","href":"https:\/\/api.w.org\/{rel}","templated":true}]}}