{"id":3497,"date":"2026-02-26T15:44:01","date_gmt":"2026-02-26T14:44:01","guid":{"rendered":"https:\/\/bryte.nu\/bryte-ii-ureaza-bun-venit-lui-mitchel-grootscholten-in-calitate-de-director-financiar\/"},"modified":"2026-04-29T16:01:12","modified_gmt":"2026-04-29T14:01:12","slug":"bryte-ii-ureaza-bun-venit-lui-mitchel-grootscholten-in-calitate-de-director-financiar","status":"publish","type":"post","link":"https:\/\/bryte.nu\/ro\/bryte-ii-ureaza-bun-venit-lui-mitchel-grootscholten-in-calitate-de-director-financiar\/","title":{"rendered":"Bryte \u00eei ureaz\u0103 bun venit lui Mitchel Grootscholten \u00een calitate de director financiar"},"content":{"rendered":"\n<p>'s-Gravenzande, 26 februarie 2026 - Bryte face un pas important \u00een continuarea cre\u0219terii \u0219i profesionaliz\u0103rii sale prin numirea lui Mitchel Grootscholten \u00een func\u021bia de director financiar. Sosirea sa marcheaz\u0103 o etap\u0103 important\u0103 pentru Bryte \u0219i subliniaz\u0103 ambi\u021bia de a continua s\u0103 construim \u00eempreun\u0103 o organiza\u021bie durabil\u0103 \u0219i preg\u0103tit\u0103 pentru viitor. <\/p>\n\n<p>Cu Mitchel la bord, echipa de management a lui Bryte este la putere maxim\u0103. \u00cen rolul s\u0103u de director financiar, se va concentra pe consolidarea \u0219i sprijinirea \u00een continuare a cre\u0219terii strategice \u0219i pe crearea unei structuri \u0219i a unei supravegheri pentru toate companiile \u0219i colabor\u0103rile din cadrul grupului. <\/p>\n\n<p>Mitchel are o vast\u0103 experien\u021b\u0103 financiar\u0103. \u00cenainte de a se al\u0103tura echipei Bryte, a lucrat la Rabobank \u0219i YEALD, unde a dob\u00e2ndit o expertiz\u0103 valoroas\u0103 \u00een finan\u021bare, consultan\u021b\u0103 strategic\u0103 \u0219i cre\u0219tere scalabil\u0103. Din aceast\u0103 experien\u021b\u0103, Mitchel a fost implicat, printre altele, \u00een finan\u021barea TG7 (Thanet Earth) \u0219i \u00een ghidarea particip\u0103rii la A&amp;A Growers, astfel \u00eenc\u00e2t cunoa\u0219te deja bine oamenii \u0219i companiile din cadrul Bryte. Cuno\u0219tin\u021bele \u0219i experien\u021ba sa practic\u0103 se potrivesc perfect cu faza \u00een care se afl\u0103 Bryte \u00een prezent. Combin\u00e2nd perspicacitatea financiar\u0103 ascu\u021bit\u0103 cu spiritul antreprenorial \u0219i o abordare orientat\u0103 spre oameni, Mitchel contribuie la o baz\u0103 solid\u0103 pentru inovare \u0219i dezvoltare viitoare.    <\/p>\n\n<p><em>\"Ceea ce face Bryte special\u0103 este amestecul de ambi\u021bie, viziune \u0219i un accent puternic pe oameni. A\u0219tept cu ner\u0103bdare s\u0103 lucrez cu echipa pentru a modela \u00een continuare oportunit\u0103\u021bile de cre\u0219tere viitoare\",<\/em> a declarat Mitchel Grootscholten.<\/p>\n\n<p>Bryte consider\u0103, de asemenea, c\u0103 sosirea sa consolideaz\u0103 conducerea:<\/p>\n\n<p><em>\"Cu Mitchel, nu aducem doar cuno\u0219tin\u021be financiare \u0219i strategice solide, ci \u0219i pe cineva care se potrive\u0219te culturii \u0219i ambi\u021biilor noastre. Experien\u021ba \u0219i personalitatea sa \u00eel fac un membru valoros al consiliului\",<\/em> a declarat Tom Zwinkels de la Bryte.<\/p>\n\n<p>Cu aceast\u0103 numire, Bryte prive\u0219te spre viitor cu \u00eencredere \u0219i face \u00eenc\u0103 un pas important spre un viitor \u00een care cre\u0219terea, cooperarea \u0219i profesionalismul sunt esen\u021biale.<\/p>\n","protected":false},"excerpt":{"rendered":"<p>'s-Gravenzande, 26 februarie 2026 - Bryte face un pas important \u00een continuarea cre\u0219terii \u0219i profesionaliz\u0103rii sale prin numirea lui Mitchel Grootscholten \u00een func\u021bia de director financiar. Sosirea sa marcheaz\u0103 o etap\u0103 important\u0103 pentru Bryte \u0219i subliniaz\u0103 ambi\u021bia de a continua s\u0103 construim \u00eempreun\u0103 o organiza\u021bie durabil\u0103 \u0219i preg\u0103tit\u0103 pentru viitor. Cu Mitchel la bord, echipa [&hellip;]<\/p>\n","protected":false},"author":2,"featured_media":3515,"comment_status":"closed","ping_status":"closed","sticky":false,"template":"","format":"standard","meta":{"footnotes":""},"categories":[51],"tags":[],"class_list":["post-3497","post","type-post","status-publish","format-standard","has-post-thumbnail","hentry","category-noutati"],"yoast_head":"<!-- This site is optimized with the Yoast SEO plugin v27.4 - https:\/\/yoast.com\/product\/yoast-seo-wordpress\/ -->\n<title>Bryte \u00eei ureaz\u0103 bun venit lui Mitchel Grootscholten \u00een calitate de director financiar - Bryte<\/title>\n<meta name=\"robots\" content=\"index, follow, max-snippet:-1, max-image-preview:large, max-video-preview:-1\" \/>\n<link rel=\"canonical\" href=\"https:\/\/bryte.nu\/ro\/bryte-ii-ureaza-bun-venit-lui-mitchel-grootscholten-in-calitate-de-director-financiar\/\" \/>\n<meta property=\"og:locale\" content=\"ro_RO\" \/>\n<meta property=\"og:type\" content=\"article\" \/>\n<meta property=\"og:title\" content=\"Bryte \u00eei ureaz\u0103 bun venit lui Mitchel Grootscholten \u00een calitate de director financiar - Bryte\" \/>\n<meta property=\"og:description\" content=\"&#039;s-Gravenzande, 26 februarie 2026 - Bryte face un pas important \u00een continuarea cre\u0219terii \u0219i profesionaliz\u0103rii sale prin numirea lui Mitchel Grootscholten \u00een func\u021bia de director financiar. Sosirea sa marcheaz\u0103 o etap\u0103 important\u0103 pentru Bryte \u0219i subliniaz\u0103 ambi\u021bia de a continua s\u0103 construim \u00eempreun\u0103 o organiza\u021bie durabil\u0103 \u0219i preg\u0103tit\u0103 pentru viitor. Cu Mitchel la bord, echipa [&hellip;]\" \/>\n<meta property=\"og:url\" content=\"https:\/\/bryte.nu\/ro\/bryte-ii-ureaza-bun-venit-lui-mitchel-grootscholten-in-calitate-de-director-financiar\/\" \/>\n<meta property=\"og:site_name\" content=\"Bryte\" \/>\n<meta property=\"article:publisher\" content=\"https:\/\/www.facebook.com\/BryteGroep\/\" \/>\n<meta property=\"article:published_time\" content=\"2026-02-26T14:44:01+00:00\" \/>\n<meta property=\"article:modified_time\" content=\"2026-04-29T14:01:12+00:00\" \/>\n<meta property=\"og:image\" content=\"https:\/\/bryte.nu\/wp-content\/uploads\/2026\/02\/7d9877fb-831e-48b2-bba7-3c03efd3d951.jpg\" \/>\n\t<meta property=\"og:image:width\" content=\"1708\" \/>\n\t<meta property=\"og:image:height\" content=\"1678\" \/>\n\t<meta property=\"og:image:type\" content=\"image\/jpeg\" \/>\n<meta name=\"author\" content=\"Maxime van der Schans\" \/>\n<meta name=\"twitter:card\" content=\"summary_large_image\" \/>\n<meta name=\"twitter:label1\" content=\"Scris de\" \/>\n\t<meta name=\"twitter:data1\" content=\"Maxime van der Schans\" \/>\n\t<meta name=\"twitter:label2\" content=\"Timp estimat pentru citire\" \/>\n\t<meta name=\"twitter:data2\" content=\"2 minute\" \/>\n<script type=\"application\/ld+json\" class=\"yoast-schema-graph\">{\"@context\":\"https:\\\/\\\/schema.org\",\"@graph\":[{\"@type\":\"Article\",\"@id\":\"https:\\\/\\\/bryte.nu\\\/ro\\\/bryte-ii-ureaza-bun-venit-lui-mitchel-grootscholten-in-calitate-de-director-financiar\\\/#article\",\"isPartOf\":{\"@id\":\"https:\\\/\\\/bryte.nu\\\/ro\\\/bryte-ii-ureaza-bun-venit-lui-mitchel-grootscholten-in-calitate-de-director-financiar\\\/\"},\"author\":{\"name\":\"Maxime van der Schans\",\"@id\":\"https:\\\/\\\/bryte.nu\\\/ro\\\/#\\\/schema\\\/person\\\/2d306d0c012a958c8a91cbf0bdd10ab3\"},\"headline\":\"Bryte \u00eei ureaz\u0103 bun venit lui Mitchel Grootscholten \u00een calitate de director financiar\",\"datePublished\":\"2026-02-26T14:44:01+00:00\",\"dateModified\":\"2026-04-29T14:01:12+00:00\",\"mainEntityOfPage\":{\"@id\":\"https:\\\/\\\/bryte.nu\\\/ro\\\/bryte-ii-ureaza-bun-venit-lui-mitchel-grootscholten-in-calitate-de-director-financiar\\\/\"},\"wordCount\":362,\"publisher\":{\"@id\":\"https:\\\/\\\/bryte.nu\\\/ro\\\/#organization\"},\"image\":{\"@id\":\"https:\\\/\\\/bryte.nu\\\/ro\\\/bryte-ii-ureaza-bun-venit-lui-mitchel-grootscholten-in-calitate-de-director-financiar\\\/#primaryimage\"},\"thumbnailUrl\":\"https:\\\/\\\/bryte.nu\\\/wp-content\\\/uploads\\\/2026\\\/02\\\/7d9877fb-831e-48b2-bba7-3c03efd3d951.jpg\",\"articleSection\":[\"Nout\u0103\u021bi\"],\"inLanguage\":\"ro-RO\"},{\"@type\":\"WebPage\",\"@id\":\"https:\\\/\\\/bryte.nu\\\/ro\\\/bryte-ii-ureaza-bun-venit-lui-mitchel-grootscholten-in-calitate-de-director-financiar\\\/\",\"url\":\"https:\\\/\\\/bryte.nu\\\/ro\\\/bryte-ii-ureaza-bun-venit-lui-mitchel-grootscholten-in-calitate-de-director-financiar\\\/\",\"name\":\"Bryte \u00eei ureaz\u0103 bun venit lui Mitchel Grootscholten \u00een calitate de director financiar - Bryte\",\"isPartOf\":{\"@id\":\"https:\\\/\\\/bryte.nu\\\/ro\\\/#website\"},\"primaryImageOfPage\":{\"@id\":\"https:\\\/\\\/bryte.nu\\\/ro\\\/bryte-ii-ureaza-bun-venit-lui-mitchel-grootscholten-in-calitate-de-director-financiar\\\/#primaryimage\"},\"image\":{\"@id\":\"https:\\\/\\\/bryte.nu\\\/ro\\\/bryte-ii-ureaza-bun-venit-lui-mitchel-grootscholten-in-calitate-de-director-financiar\\\/#primaryimage\"},\"thumbnailUrl\":\"https:\\\/\\\/bryte.nu\\\/wp-content\\\/uploads\\\/2026\\\/02\\\/7d9877fb-831e-48b2-bba7-3c03efd3d951.jpg\",\"datePublished\":\"2026-02-26T14:44:01+00:00\",\"dateModified\":\"2026-04-29T14:01:12+00:00\",\"breadcrumb\":{\"@id\":\"https:\\\/\\\/bryte.nu\\\/ro\\\/bryte-ii-ureaza-bun-venit-lui-mitchel-grootscholten-in-calitate-de-director-financiar\\\/#breadcrumb\"},\"inLanguage\":\"ro-RO\",\"potentialAction\":[{\"@type\":\"ReadAction\",\"target\":[\"https:\\\/\\\/bryte.nu\\\/ro\\\/bryte-ii-ureaza-bun-venit-lui-mitchel-grootscholten-in-calitate-de-director-financiar\\\/\"]}]},{\"@type\":\"ImageObject\",\"inLanguage\":\"ro-RO\",\"@id\":\"https:\\\/\\\/bryte.nu\\\/ro\\\/bryte-ii-ureaza-bun-venit-lui-mitchel-grootscholten-in-calitate-de-director-financiar\\\/#primaryimage\",\"url\":\"https:\\\/\\\/bryte.nu\\\/wp-content\\\/uploads\\\/2026\\\/02\\\/7d9877fb-831e-48b2-bba7-3c03efd3d951.jpg\",\"contentUrl\":\"https:\\\/\\\/bryte.nu\\\/wp-content\\\/uploads\\\/2026\\\/02\\\/7d9877fb-831e-48b2-bba7-3c03efd3d951.jpg\",\"width\":1708,\"height\":1678},{\"@type\":\"BreadcrumbList\",\"@id\":\"https:\\\/\\\/bryte.nu\\\/ro\\\/bryte-ii-ureaza-bun-venit-lui-mitchel-grootscholten-in-calitate-de-director-financiar\\\/#breadcrumb\",\"itemListElement\":[{\"@type\":\"ListItem\",\"position\":1,\"name\":\"Acas\u0103\",\"item\":\"https:\\\/\\\/bryte.nu\\\/ro\\\/acasa\\\/\"},{\"@type\":\"ListItem\",\"position\":2,\"name\":\"Bryte \u00eei ureaz\u0103 bun venit lui Mitchel Grootscholten \u00een calitate de director financiar\"}]},{\"@type\":\"WebSite\",\"@id\":\"https:\\\/\\\/bryte.nu\\\/ro\\\/#website\",\"url\":\"https:\\\/\\\/bryte.nu\\\/ro\\\/\",\"name\":\"Bryte\",\"description\":\"Unde cre\u0219te fericirea\",\"publisher\":{\"@id\":\"https:\\\/\\\/bryte.nu\\\/ro\\\/#organization\"},\"potentialAction\":[{\"@type\":\"SearchAction\",\"target\":{\"@type\":\"EntryPoint\",\"urlTemplate\":\"https:\\\/\\\/bryte.nu\\\/ro\\\/?s={search_term_string}\"},\"query-input\":{\"@type\":\"PropertyValueSpecification\",\"valueRequired\":true,\"valueName\":\"search_term_string\"}}],\"inLanguage\":\"ro-RO\"},{\"@type\":\"Organization\",\"@id\":\"https:\\\/\\\/bryte.nu\\\/ro\\\/#organization\",\"name\":\"Bryte\",\"url\":\"https:\\\/\\\/bryte.nu\\\/ro\\\/\",\"logo\":{\"@type\":\"ImageObject\",\"inLanguage\":\"ro-RO\",\"@id\":\"https:\\\/\\\/bryte.nu\\\/ro\\\/#\\\/schema\\\/logo\\\/image\\\/\",\"url\":\"https:\\\/\\\/bryte.nu\\\/wp-content\\\/uploads\\\/2025\\\/05\\\/20180873-Bryte-Logo-rgb-DEF.png\",\"contentUrl\":\"https:\\\/\\\/bryte.nu\\\/wp-content\\\/uploads\\\/2025\\\/05\\\/20180873-Bryte-Logo-rgb-DEF.png\",\"width\":1477,\"height\":1182,\"caption\":\"Bryte\"},\"image\":{\"@id\":\"https:\\\/\\\/bryte.nu\\\/ro\\\/#\\\/schema\\\/logo\\\/image\\\/\"},\"sameAs\":[\"https:\\\/\\\/www.facebook.com\\\/BryteGroep\\\/\",\"https:\\\/\\\/www.instagram.com\\\/bryte_groep\\\/\",\"https:\\\/\\\/www.linkedin.com\\\/company\\\/bryte-groep\\\/\"]},{\"@type\":\"Person\",\"@id\":\"https:\\\/\\\/bryte.nu\\\/ro\\\/#\\\/schema\\\/person\\\/2d306d0c012a958c8a91cbf0bdd10ab3\",\"name\":\"Maxime van der Schans\",\"image\":{\"@type\":\"ImageObject\",\"inLanguage\":\"ro-RO\",\"@id\":\"https:\\\/\\\/secure.gravatar.com\\\/avatar\\\/21fcb500f6cf7da37cd7f184c6c5e205160aa601428f6c2cc7e8887e16d8bc44?s=96&d=mm&r=g\",\"url\":\"https:\\\/\\\/secure.gravatar.com\\\/avatar\\\/21fcb500f6cf7da37cd7f184c6c5e205160aa601428f6c2cc7e8887e16d8bc44?s=96&d=mm&r=g\",\"contentUrl\":\"https:\\\/\\\/secure.gravatar.com\\\/avatar\\\/21fcb500f6cf7da37cd7f184c6c5e205160aa601428f6c2cc7e8887e16d8bc44?s=96&d=mm&r=g\",\"caption\":\"Maxime van der Schans\"},\"url\":\"https:\\\/\\\/bryte.nu\\\/ro\\\/author\\\/maxbryte\\\/\"}]}<\/script>\n<!-- \/ Yoast SEO plugin. -->","yoast_head_json":{"title":"Bryte \u00eei ureaz\u0103 bun venit lui Mitchel Grootscholten \u00een calitate de director financiar - Bryte","robots":{"index":"index","follow":"follow","max-snippet":"max-snippet:-1","max-image-preview":"max-image-preview:large","max-video-preview":"max-video-preview:-1"},"canonical":"https:\/\/bryte.nu\/ro\/bryte-ii-ureaza-bun-venit-lui-mitchel-grootscholten-in-calitate-de-director-financiar\/","og_locale":"ro_RO","og_type":"article","og_title":"Bryte \u00eei ureaz\u0103 bun venit lui Mitchel Grootscholten \u00een calitate de director financiar - Bryte","og_description":"'s-Gravenzande, 26 februarie 2026 - Bryte face un pas important \u00een continuarea cre\u0219terii \u0219i profesionaliz\u0103rii sale prin numirea lui Mitchel Grootscholten \u00een func\u021bia de director financiar. Sosirea sa marcheaz\u0103 o etap\u0103 important\u0103 pentru Bryte \u0219i subliniaz\u0103 ambi\u021bia de a continua s\u0103 construim \u00eempreun\u0103 o organiza\u021bie durabil\u0103 \u0219i preg\u0103tit\u0103 pentru viitor. Cu Mitchel la bord, echipa [&hellip;]","og_url":"https:\/\/bryte.nu\/ro\/bryte-ii-ureaza-bun-venit-lui-mitchel-grootscholten-in-calitate-de-director-financiar\/","og_site_name":"Bryte","article_publisher":"https:\/\/www.facebook.com\/BryteGroep\/","article_published_time":"2026-02-26T14:44:01+00:00","article_modified_time":"2026-04-29T14:01:12+00:00","og_image":[{"width":1708,"height":1678,"url":"https:\/\/bryte.nu\/wp-content\/uploads\/2026\/02\/7d9877fb-831e-48b2-bba7-3c03efd3d951.jpg","type":"image\/jpeg"}],"author":"Maxime van der Schans","twitter_card":"summary_large_image","twitter_misc":{"Scris de":"Maxime van der Schans","Timp estimat pentru citire":"2 minute"},"schema":{"@context":"https:\/\/schema.org","@graph":[{"@type":"Article","@id":"https:\/\/bryte.nu\/ro\/bryte-ii-ureaza-bun-venit-lui-mitchel-grootscholten-in-calitate-de-director-financiar\/#article","isPartOf":{"@id":"https:\/\/bryte.nu\/ro\/bryte-ii-ureaza-bun-venit-lui-mitchel-grootscholten-in-calitate-de-director-financiar\/"},"author":{"name":"Maxime van der Schans","@id":"https:\/\/bryte.nu\/ro\/#\/schema\/person\/2d306d0c012a958c8a91cbf0bdd10ab3"},"headline":"Bryte \u00eei ureaz\u0103 bun venit lui Mitchel Grootscholten \u00een calitate de director financiar","datePublished":"2026-02-26T14:44:01+00:00","dateModified":"2026-04-29T14:01:12+00:00","mainEntityOfPage":{"@id":"https:\/\/bryte.nu\/ro\/bryte-ii-ureaza-bun-venit-lui-mitchel-grootscholten-in-calitate-de-director-financiar\/"},"wordCount":362,"publisher":{"@id":"https:\/\/bryte.nu\/ro\/#organization"},"image":{"@id":"https:\/\/bryte.nu\/ro\/bryte-ii-ureaza-bun-venit-lui-mitchel-grootscholten-in-calitate-de-director-financiar\/#primaryimage"},"thumbnailUrl":"https:\/\/bryte.nu\/wp-content\/uploads\/2026\/02\/7d9877fb-831e-48b2-bba7-3c03efd3d951.jpg","articleSection":["Nout\u0103\u021bi"],"inLanguage":"ro-RO"},{"@type":"WebPage","@id":"https:\/\/bryte.nu\/ro\/bryte-ii-ureaza-bun-venit-lui-mitchel-grootscholten-in-calitate-de-director-financiar\/","url":"https:\/\/bryte.nu\/ro\/bryte-ii-ureaza-bun-venit-lui-mitchel-grootscholten-in-calitate-de-director-financiar\/","name":"Bryte \u00eei ureaz\u0103 bun venit lui Mitchel Grootscholten \u00een calitate de director financiar - Bryte","isPartOf":{"@id":"https:\/\/bryte.nu\/ro\/#website"},"primaryImageOfPage":{"@id":"https:\/\/bryte.nu\/ro\/bryte-ii-ureaza-bun-venit-lui-mitchel-grootscholten-in-calitate-de-director-financiar\/#primaryimage"},"image":{"@id":"https:\/\/bryte.nu\/ro\/bryte-ii-ureaza-bun-venit-lui-mitchel-grootscholten-in-calitate-de-director-financiar\/#primaryimage"},"thumbnailUrl":"https:\/\/bryte.nu\/wp-content\/uploads\/2026\/02\/7d9877fb-831e-48b2-bba7-3c03efd3d951.jpg","datePublished":"2026-02-26T14:44:01+00:00","dateModified":"2026-04-29T14:01:12+00:00","breadcrumb":{"@id":"https:\/\/bryte.nu\/ro\/bryte-ii-ureaza-bun-venit-lui-mitchel-grootscholten-in-calitate-de-director-financiar\/#breadcrumb"},"inLanguage":"ro-RO","potentialAction":[{"@type":"ReadAction","target":["https:\/\/bryte.nu\/ro\/bryte-ii-ureaza-bun-venit-lui-mitchel-grootscholten-in-calitate-de-director-financiar\/"]}]},{"@type":"ImageObject","inLanguage":"ro-RO","@id":"https:\/\/bryte.nu\/ro\/bryte-ii-ureaza-bun-venit-lui-mitchel-grootscholten-in-calitate-de-director-financiar\/#primaryimage","url":"https:\/\/bryte.nu\/wp-content\/uploads\/2026\/02\/7d9877fb-831e-48b2-bba7-3c03efd3d951.jpg","contentUrl":"https:\/\/bryte.nu\/wp-content\/uploads\/2026\/02\/7d9877fb-831e-48b2-bba7-3c03efd3d951.jpg","width":1708,"height":1678},{"@type":"BreadcrumbList","@id":"https:\/\/bryte.nu\/ro\/bryte-ii-ureaza-bun-venit-lui-mitchel-grootscholten-in-calitate-de-director-financiar\/#breadcrumb","itemListElement":[{"@type":"ListItem","position":1,"name":"Acas\u0103","item":"https:\/\/bryte.nu\/ro\/acasa\/"},{"@type":"ListItem","position":2,"name":"Bryte \u00eei ureaz\u0103 bun venit lui Mitchel Grootscholten \u00een calitate de director financiar"}]},{"@type":"WebSite","@id":"https:\/\/bryte.nu\/ro\/#website","url":"https:\/\/bryte.nu\/ro\/","name":"Bryte","description":"Unde cre\u0219te fericirea","publisher":{"@id":"https:\/\/bryte.nu\/ro\/#organization"},"potentialAction":[{"@type":"SearchAction","target":{"@type":"EntryPoint","urlTemplate":"https:\/\/bryte.nu\/ro\/?s={search_term_string}"},"query-input":{"@type":"PropertyValueSpecification","valueRequired":true,"valueName":"search_term_string"}}],"inLanguage":"ro-RO"},{"@type":"Organization","@id":"https:\/\/bryte.nu\/ro\/#organization","name":"Bryte","url":"https:\/\/bryte.nu\/ro\/","logo":{"@type":"ImageObject","inLanguage":"ro-RO","@id":"https:\/\/bryte.nu\/ro\/#\/schema\/logo\/image\/","url":"https:\/\/bryte.nu\/wp-content\/uploads\/2025\/05\/20180873-Bryte-Logo-rgb-DEF.png","contentUrl":"https:\/\/bryte.nu\/wp-content\/uploads\/2025\/05\/20180873-Bryte-Logo-rgb-DEF.png","width":1477,"height":1182,"caption":"Bryte"},"image":{"@id":"https:\/\/bryte.nu\/ro\/#\/schema\/logo\/image\/"},"sameAs":["https:\/\/www.facebook.com\/BryteGroep\/","https:\/\/www.instagram.com\/bryte_groep\/","https:\/\/www.linkedin.com\/company\/bryte-groep\/"]},{"@type":"Person","@id":"https:\/\/bryte.nu\/ro\/#\/schema\/person\/2d306d0c012a958c8a91cbf0bdd10ab3","name":"Maxime van der Schans","image":{"@type":"ImageObject","inLanguage":"ro-RO","@id":"https:\/\/secure.gravatar.com\/avatar\/21fcb500f6cf7da37cd7f184c6c5e205160aa601428f6c2cc7e8887e16d8bc44?s=96&d=mm&r=g","url":"https:\/\/secure.gravatar.com\/avatar\/21fcb500f6cf7da37cd7f184c6c5e205160aa601428f6c2cc7e8887e16d8bc44?s=96&d=mm&r=g","contentUrl":"https:\/\/secure.gravatar.com\/avatar\/21fcb500f6cf7da37cd7f184c6c5e205160aa601428f6c2cc7e8887e16d8bc44?s=96&d=mm&r=g","caption":"Maxime van der Schans"},"url":"https:\/\/bryte.nu\/ro\/author\/maxbryte\/"}]}},"_links":{"self":[{"href":"https:\/\/bryte.nu\/ro\/wp-json\/wp\/v2\/posts\/3497","targetHints":{"allow":["GET"]}}],"collection":[{"href":"https:\/\/bryte.nu\/ro\/wp-json\/wp\/v2\/posts"}],"about":[{"href":"https:\/\/bryte.nu\/ro\/wp-json\/wp\/v2\/types\/post"}],"author":[{"embeddable":true,"href":"https:\/\/bryte.nu\/ro\/wp-json\/wp\/v2\/users\/2"}],"replies":[{"embeddable":true,"href":"https:\/\/bryte.nu\/ro\/wp-json\/wp\/v2\/comments?post=3497"}],"version-history":[{"count":3,"href":"https:\/\/bryte.nu\/ro\/wp-json\/wp\/v2\/posts\/3497\/revisions"}],"predecessor-version":[{"id":3500,"href":"https:\/\/bryte.nu\/ro\/wp-json\/wp\/v2\/posts\/3497\/revisions\/3500"}],"wp:featuredmedia":[{"embeddable":true,"href":"https:\/\/bryte.nu\/ro\/wp-json\/wp\/v2\/media\/3515"}],"wp:attachment":[{"href":"https:\/\/bryte.nu\/ro\/wp-json\/wp\/v2\/media?parent=3497"}],"wp:term":[{"taxonomy":"category","embeddable":true,"href":"https:\/\/bryte.nu\/ro\/wp-json\/wp\/v2\/categories?post=3497"},{"taxonomy":"post_tag","embeddable":true,"href":"https:\/\/bryte.nu\/ro\/wp-json\/wp\/v2\/tags?post=3497"}],"curies":[{"name":"wp","href":"https:\/\/api.w.org\/{rel}","templated":true}]}}