{"id":3575,"date":"2026-04-01T15:37:31","date_gmt":"2026-04-01T13:37:31","guid":{"rendered":"https:\/\/bryte.nu\/bryte-deschide-usile-in-timpul-kom-in-de-kas\/"},"modified":"2026-04-29T16:01:27","modified_gmt":"2026-04-29T14:01:27","slug":"bryte-deschide-usile-in-timpul-kom-in-de-kas","status":"publish","type":"post","link":"https:\/\/bryte.nu\/ro\/bryte-deschide-usile-in-timpul-kom-in-de-kas\/","title":{"rendered":"Bryte deschide u\u0219ile \u00een timpul Kom in de Kas"},"content":{"rendered":"\n<p>Bryte particip\u0103 anul acesta la <a href=\"https:\/\/www.komindekas.nl\/locaties\/voorne-putten\/\" type=\"link\" id=\"https:\/\/www.komindekas.nl\/locaties\/voorne-putten\/\">Kom in de Kas<\/a> \u0219i este m\u00e2ndr\u0103 s\u0103 deschid\u0103 por\u021bile afacerii sale pentru public. S\u00e2mb\u0103t\u0103, 11 aprilie, vizitatorii sunt invita\u021bi s\u0103 vin\u0103 la Konneweg 1A din Tinte pentru a arunca o privire unic\u0103 \u00een spatele scenei. <\/p>\n\n<p>\u00cen cursul acestei zile, Bryte ofer\u0103 o oportunitate special\u0103 de a vedea de aproape cum func\u021bioneaz\u0103 cultivarea modern\u0103 a tomatelor. Vizitatorii vor descoperi cum inova\u021bia, durabilitatea \u0219i m\u0103iestria se \u00eembin\u0103 \u00een procesul nostru de produc\u021bie a tomatelor. <\/p>\n\n<p>Kom in de Kas este momentul s\u0103 experimenta\u021bi sectorul serelor din interior.  <\/p>\n\n<p>Toat\u0103 lumea este binevenit\u0103 s\u0103 treac\u0103 pe aici, s\u0103 pun\u0103 \u00eentreb\u0103ri \u0219i s\u0103 experimenteze sentimentul de familie al lui Bryte.  <\/p>\n\n<p><strong>Informa\u021bii practice:<\/strong><\/p>\n\n<ul class=\"wp-block-list\">\n<li>Data: s\u00e2mb\u0103t\u0103, 11 aprilie<\/li>\n\n\n\n<li>Loca\u021bie: Str: Konneweg 1A, Tinte<\/li>\n\n\n\n<li>Orar: 10 a.m.-4 p.m.  <\/li>\n\n\n\n<li>Intrare: liber\u0103<\/li>\n<\/ul>\n\n<p><\/p>\n\n<p><strong>Vre\u021bi s\u0103 veni\u021bi s\u0103 arunca\u021bi o privire la sera noastr\u0103?<\/strong><\/p>\n\n<p><\/p>\n","protected":false},"excerpt":{"rendered":"<p>Bryte particip\u0103 anul acesta la Kom in de Kas \u0219i este m\u00e2ndr\u0103 s\u0103 deschid\u0103 por\u021bile afacerii sale pentru public. S\u00e2mb\u0103t\u0103, 11 aprilie, vizitatorii sunt invita\u021bi s\u0103 vin\u0103 la Konneweg 1A din Tinte pentru a arunca o privire unic\u0103 \u00een spatele scenei. \u00cen cursul acestei zile, Bryte ofer\u0103 o oportunitate special\u0103 de a vedea de aproape [&hellip;]<\/p>\n","protected":false},"author":2,"featured_media":3560,"comment_status":"closed","ping_status":"closed","sticky":false,"template":"","format":"standard","meta":{"footnotes":""},"categories":[51],"tags":[],"class_list":["post-3575","post","type-post","status-publish","format-standard","has-post-thumbnail","hentry","category-noutati"],"yoast_head":"<!-- This site is optimized with the Yoast SEO plugin v27.4 - https:\/\/yoast.com\/product\/yoast-seo-wordpress\/ -->\n<title>Bryte deschide u\u0219ile \u00een timpul Kom in de Kas - Bryte<\/title>\n<meta name=\"robots\" content=\"index, follow, max-snippet:-1, max-image-preview:large, max-video-preview:-1\" \/>\n<link rel=\"canonical\" href=\"https:\/\/bryte.nu\/ro\/bryte-deschide-usile-in-timpul-kom-in-de-kas\/\" \/>\n<meta property=\"og:locale\" content=\"ro_RO\" \/>\n<meta property=\"og:type\" content=\"article\" \/>\n<meta property=\"og:title\" content=\"Bryte deschide u\u0219ile \u00een timpul Kom in de Kas - Bryte\" \/>\n<meta property=\"og:description\" content=\"Bryte particip\u0103 anul acesta la Kom in de Kas \u0219i este m\u00e2ndr\u0103 s\u0103 deschid\u0103 por\u021bile afacerii sale pentru public. S\u00e2mb\u0103t\u0103, 11 aprilie, vizitatorii sunt invita\u021bi s\u0103 vin\u0103 la Konneweg 1A din Tinte pentru a arunca o privire unic\u0103 \u00een spatele scenei. \u00cen cursul acestei zile, Bryte ofer\u0103 o oportunitate special\u0103 de a vedea de aproape [&hellip;]\" \/>\n<meta property=\"og:url\" content=\"https:\/\/bryte.nu\/ro\/bryte-deschide-usile-in-timpul-kom-in-de-kas\/\" \/>\n<meta property=\"og:site_name\" content=\"Bryte\" \/>\n<meta property=\"article:publisher\" content=\"https:\/\/www.facebook.com\/BryteGroep\/\" \/>\n<meta property=\"article:published_time\" content=\"2026-04-01T13:37:31+00:00\" \/>\n<meta property=\"article:modified_time\" content=\"2026-04-29T14:01:27+00:00\" \/>\n<meta property=\"og:image\" content=\"https:\/\/bryte.nu\/wp-content\/uploads\/2026\/04\/20241223Bryte-21-scaled.jpg\" \/>\n\t<meta property=\"og:image:width\" content=\"2560\" \/>\n\t<meta property=\"og:image:height\" content=\"1707\" \/>\n\t<meta property=\"og:image:type\" content=\"image\/jpeg\" \/>\n<meta name=\"author\" content=\"Maxime van der Schans\" \/>\n<meta name=\"twitter:card\" content=\"summary_large_image\" \/>\n<meta name=\"twitter:label1\" content=\"Scris de\" \/>\n\t<meta name=\"twitter:data1\" content=\"Maxime van der Schans\" \/>\n\t<meta name=\"twitter:label2\" content=\"Timp estimat pentru citire\" \/>\n\t<meta name=\"twitter:data2\" content=\"1 minut\" \/>\n<script type=\"application\/ld+json\" class=\"yoast-schema-graph\">{\"@context\":\"https:\\\/\\\/schema.org\",\"@graph\":[{\"@type\":\"Article\",\"@id\":\"https:\\\/\\\/bryte.nu\\\/ro\\\/bryte-deschide-usile-in-timpul-kom-in-de-kas\\\/#article\",\"isPartOf\":{\"@id\":\"https:\\\/\\\/bryte.nu\\\/ro\\\/bryte-deschide-usile-in-timpul-kom-in-de-kas\\\/\"},\"author\":{\"name\":\"Maxime van der Schans\",\"@id\":\"https:\\\/\\\/bryte.nu\\\/ro\\\/#\\\/schema\\\/person\\\/2d306d0c012a958c8a91cbf0bdd10ab3\"},\"headline\":\"Bryte deschide u\u0219ile \u00een timpul Kom in de Kas\",\"datePublished\":\"2026-04-01T13:37:31+00:00\",\"dateModified\":\"2026-04-29T14:01:27+00:00\",\"mainEntityOfPage\":{\"@id\":\"https:\\\/\\\/bryte.nu\\\/ro\\\/bryte-deschide-usile-in-timpul-kom-in-de-kas\\\/\"},\"wordCount\":165,\"publisher\":{\"@id\":\"https:\\\/\\\/bryte.nu\\\/ro\\\/#organization\"},\"image\":{\"@id\":\"https:\\\/\\\/bryte.nu\\\/ro\\\/bryte-deschide-usile-in-timpul-kom-in-de-kas\\\/#primaryimage\"},\"thumbnailUrl\":\"https:\\\/\\\/bryte.nu\\\/wp-content\\\/uploads\\\/2026\\\/04\\\/20241223Bryte-21-scaled.jpg\",\"articleSection\":[\"Nout\u0103\u021bi\"],\"inLanguage\":\"ro-RO\"},{\"@type\":\"WebPage\",\"@id\":\"https:\\\/\\\/bryte.nu\\\/ro\\\/bryte-deschide-usile-in-timpul-kom-in-de-kas\\\/\",\"url\":\"https:\\\/\\\/bryte.nu\\\/ro\\\/bryte-deschide-usile-in-timpul-kom-in-de-kas\\\/\",\"name\":\"Bryte deschide u\u0219ile \u00een timpul Kom in de Kas - Bryte\",\"isPartOf\":{\"@id\":\"https:\\\/\\\/bryte.nu\\\/ro\\\/#website\"},\"primaryImageOfPage\":{\"@id\":\"https:\\\/\\\/bryte.nu\\\/ro\\\/bryte-deschide-usile-in-timpul-kom-in-de-kas\\\/#primaryimage\"},\"image\":{\"@id\":\"https:\\\/\\\/bryte.nu\\\/ro\\\/bryte-deschide-usile-in-timpul-kom-in-de-kas\\\/#primaryimage\"},\"thumbnailUrl\":\"https:\\\/\\\/bryte.nu\\\/wp-content\\\/uploads\\\/2026\\\/04\\\/20241223Bryte-21-scaled.jpg\",\"datePublished\":\"2026-04-01T13:37:31+00:00\",\"dateModified\":\"2026-04-29T14:01:27+00:00\",\"breadcrumb\":{\"@id\":\"https:\\\/\\\/bryte.nu\\\/ro\\\/bryte-deschide-usile-in-timpul-kom-in-de-kas\\\/#breadcrumb\"},\"inLanguage\":\"ro-RO\",\"potentialAction\":[{\"@type\":\"ReadAction\",\"target\":[\"https:\\\/\\\/bryte.nu\\\/ro\\\/bryte-deschide-usile-in-timpul-kom-in-de-kas\\\/\"]}]},{\"@type\":\"ImageObject\",\"inLanguage\":\"ro-RO\",\"@id\":\"https:\\\/\\\/bryte.nu\\\/ro\\\/bryte-deschide-usile-in-timpul-kom-in-de-kas\\\/#primaryimage\",\"url\":\"https:\\\/\\\/bryte.nu\\\/wp-content\\\/uploads\\\/2026\\\/04\\\/20241223Bryte-21-scaled.jpg\",\"contentUrl\":\"https:\\\/\\\/bryte.nu\\\/wp-content\\\/uploads\\\/2026\\\/04\\\/20241223Bryte-21-scaled.jpg\",\"width\":2560,\"height\":1707,\"caption\":\"Sharon Schouten, Bruidsfotografie, Bedrijfsfotografie\"},{\"@type\":\"BreadcrumbList\",\"@id\":\"https:\\\/\\\/bryte.nu\\\/ro\\\/bryte-deschide-usile-in-timpul-kom-in-de-kas\\\/#breadcrumb\",\"itemListElement\":[{\"@type\":\"ListItem\",\"position\":1,\"name\":\"Acas\u0103\",\"item\":\"https:\\\/\\\/bryte.nu\\\/ro\\\/acasa\\\/\"},{\"@type\":\"ListItem\",\"position\":2,\"name\":\"Bryte deschide u\u0219ile \u00een timpul Kom in de Kas\"}]},{\"@type\":\"WebSite\",\"@id\":\"https:\\\/\\\/bryte.nu\\\/ro\\\/#website\",\"url\":\"https:\\\/\\\/bryte.nu\\\/ro\\\/\",\"name\":\"Bryte\",\"description\":\"Unde cre\u0219te fericirea\",\"publisher\":{\"@id\":\"https:\\\/\\\/bryte.nu\\\/ro\\\/#organization\"},\"potentialAction\":[{\"@type\":\"SearchAction\",\"target\":{\"@type\":\"EntryPoint\",\"urlTemplate\":\"https:\\\/\\\/bryte.nu\\\/ro\\\/?s={search_term_string}\"},\"query-input\":{\"@type\":\"PropertyValueSpecification\",\"valueRequired\":true,\"valueName\":\"search_term_string\"}}],\"inLanguage\":\"ro-RO\"},{\"@type\":\"Organization\",\"@id\":\"https:\\\/\\\/bryte.nu\\\/ro\\\/#organization\",\"name\":\"Bryte\",\"url\":\"https:\\\/\\\/bryte.nu\\\/ro\\\/\",\"logo\":{\"@type\":\"ImageObject\",\"inLanguage\":\"ro-RO\",\"@id\":\"https:\\\/\\\/bryte.nu\\\/ro\\\/#\\\/schema\\\/logo\\\/image\\\/\",\"url\":\"https:\\\/\\\/bryte.nu\\\/wp-content\\\/uploads\\\/2025\\\/05\\\/20180873-Bryte-Logo-rgb-DEF.png\",\"contentUrl\":\"https:\\\/\\\/bryte.nu\\\/wp-content\\\/uploads\\\/2025\\\/05\\\/20180873-Bryte-Logo-rgb-DEF.png\",\"width\":1477,\"height\":1182,\"caption\":\"Bryte\"},\"image\":{\"@id\":\"https:\\\/\\\/bryte.nu\\\/ro\\\/#\\\/schema\\\/logo\\\/image\\\/\"},\"sameAs\":[\"https:\\\/\\\/www.facebook.com\\\/BryteGroep\\\/\",\"https:\\\/\\\/www.instagram.com\\\/bryte_groep\\\/\",\"https:\\\/\\\/www.linkedin.com\\\/company\\\/bryte-groep\\\/\"]},{\"@type\":\"Person\",\"@id\":\"https:\\\/\\\/bryte.nu\\\/ro\\\/#\\\/schema\\\/person\\\/2d306d0c012a958c8a91cbf0bdd10ab3\",\"name\":\"Maxime van der Schans\",\"image\":{\"@type\":\"ImageObject\",\"inLanguage\":\"ro-RO\",\"@id\":\"https:\\\/\\\/secure.gravatar.com\\\/avatar\\\/21fcb500f6cf7da37cd7f184c6c5e205160aa601428f6c2cc7e8887e16d8bc44?s=96&d=mm&r=g\",\"url\":\"https:\\\/\\\/secure.gravatar.com\\\/avatar\\\/21fcb500f6cf7da37cd7f184c6c5e205160aa601428f6c2cc7e8887e16d8bc44?s=96&d=mm&r=g\",\"contentUrl\":\"https:\\\/\\\/secure.gravatar.com\\\/avatar\\\/21fcb500f6cf7da37cd7f184c6c5e205160aa601428f6c2cc7e8887e16d8bc44?s=96&d=mm&r=g\",\"caption\":\"Maxime van der Schans\"},\"url\":\"https:\\\/\\\/bryte.nu\\\/ro\\\/author\\\/maxbryte\\\/\"}]}<\/script>\n<!-- \/ Yoast SEO plugin. -->","yoast_head_json":{"title":"Bryte deschide u\u0219ile \u00een timpul Kom in de Kas - Bryte","robots":{"index":"index","follow":"follow","max-snippet":"max-snippet:-1","max-image-preview":"max-image-preview:large","max-video-preview":"max-video-preview:-1"},"canonical":"https:\/\/bryte.nu\/ro\/bryte-deschide-usile-in-timpul-kom-in-de-kas\/","og_locale":"ro_RO","og_type":"article","og_title":"Bryte deschide u\u0219ile \u00een timpul Kom in de Kas - Bryte","og_description":"Bryte particip\u0103 anul acesta la Kom in de Kas \u0219i este m\u00e2ndr\u0103 s\u0103 deschid\u0103 por\u021bile afacerii sale pentru public. S\u00e2mb\u0103t\u0103, 11 aprilie, vizitatorii sunt invita\u021bi s\u0103 vin\u0103 la Konneweg 1A din Tinte pentru a arunca o privire unic\u0103 \u00een spatele scenei. \u00cen cursul acestei zile, Bryte ofer\u0103 o oportunitate special\u0103 de a vedea de aproape [&hellip;]","og_url":"https:\/\/bryte.nu\/ro\/bryte-deschide-usile-in-timpul-kom-in-de-kas\/","og_site_name":"Bryte","article_publisher":"https:\/\/www.facebook.com\/BryteGroep\/","article_published_time":"2026-04-01T13:37:31+00:00","article_modified_time":"2026-04-29T14:01:27+00:00","og_image":[{"width":2560,"height":1707,"url":"https:\/\/bryte.nu\/wp-content\/uploads\/2026\/04\/20241223Bryte-21-scaled.jpg","type":"image\/jpeg"}],"author":"Maxime van der Schans","twitter_card":"summary_large_image","twitter_misc":{"Scris de":"Maxime van der Schans","Timp estimat pentru citire":"1 minut"},"schema":{"@context":"https:\/\/schema.org","@graph":[{"@type":"Article","@id":"https:\/\/bryte.nu\/ro\/bryte-deschide-usile-in-timpul-kom-in-de-kas\/#article","isPartOf":{"@id":"https:\/\/bryte.nu\/ro\/bryte-deschide-usile-in-timpul-kom-in-de-kas\/"},"author":{"name":"Maxime van der Schans","@id":"https:\/\/bryte.nu\/ro\/#\/schema\/person\/2d306d0c012a958c8a91cbf0bdd10ab3"},"headline":"Bryte deschide u\u0219ile \u00een timpul Kom in de Kas","datePublished":"2026-04-01T13:37:31+00:00","dateModified":"2026-04-29T14:01:27+00:00","mainEntityOfPage":{"@id":"https:\/\/bryte.nu\/ro\/bryte-deschide-usile-in-timpul-kom-in-de-kas\/"},"wordCount":165,"publisher":{"@id":"https:\/\/bryte.nu\/ro\/#organization"},"image":{"@id":"https:\/\/bryte.nu\/ro\/bryte-deschide-usile-in-timpul-kom-in-de-kas\/#primaryimage"},"thumbnailUrl":"https:\/\/bryte.nu\/wp-content\/uploads\/2026\/04\/20241223Bryte-21-scaled.jpg","articleSection":["Nout\u0103\u021bi"],"inLanguage":"ro-RO"},{"@type":"WebPage","@id":"https:\/\/bryte.nu\/ro\/bryte-deschide-usile-in-timpul-kom-in-de-kas\/","url":"https:\/\/bryte.nu\/ro\/bryte-deschide-usile-in-timpul-kom-in-de-kas\/","name":"Bryte deschide u\u0219ile \u00een timpul Kom in de Kas - Bryte","isPartOf":{"@id":"https:\/\/bryte.nu\/ro\/#website"},"primaryImageOfPage":{"@id":"https:\/\/bryte.nu\/ro\/bryte-deschide-usile-in-timpul-kom-in-de-kas\/#primaryimage"},"image":{"@id":"https:\/\/bryte.nu\/ro\/bryte-deschide-usile-in-timpul-kom-in-de-kas\/#primaryimage"},"thumbnailUrl":"https:\/\/bryte.nu\/wp-content\/uploads\/2026\/04\/20241223Bryte-21-scaled.jpg","datePublished":"2026-04-01T13:37:31+00:00","dateModified":"2026-04-29T14:01:27+00:00","breadcrumb":{"@id":"https:\/\/bryte.nu\/ro\/bryte-deschide-usile-in-timpul-kom-in-de-kas\/#breadcrumb"},"inLanguage":"ro-RO","potentialAction":[{"@type":"ReadAction","target":["https:\/\/bryte.nu\/ro\/bryte-deschide-usile-in-timpul-kom-in-de-kas\/"]}]},{"@type":"ImageObject","inLanguage":"ro-RO","@id":"https:\/\/bryte.nu\/ro\/bryte-deschide-usile-in-timpul-kom-in-de-kas\/#primaryimage","url":"https:\/\/bryte.nu\/wp-content\/uploads\/2026\/04\/20241223Bryte-21-scaled.jpg","contentUrl":"https:\/\/bryte.nu\/wp-content\/uploads\/2026\/04\/20241223Bryte-21-scaled.jpg","width":2560,"height":1707,"caption":"Sharon Schouten, Bruidsfotografie, Bedrijfsfotografie"},{"@type":"BreadcrumbList","@id":"https:\/\/bryte.nu\/ro\/bryte-deschide-usile-in-timpul-kom-in-de-kas\/#breadcrumb","itemListElement":[{"@type":"ListItem","position":1,"name":"Acas\u0103","item":"https:\/\/bryte.nu\/ro\/acasa\/"},{"@type":"ListItem","position":2,"name":"Bryte deschide u\u0219ile \u00een timpul Kom in de Kas"}]},{"@type":"WebSite","@id":"https:\/\/bryte.nu\/ro\/#website","url":"https:\/\/bryte.nu\/ro\/","name":"Bryte","description":"Unde cre\u0219te fericirea","publisher":{"@id":"https:\/\/bryte.nu\/ro\/#organization"},"potentialAction":[{"@type":"SearchAction","target":{"@type":"EntryPoint","urlTemplate":"https:\/\/bryte.nu\/ro\/?s={search_term_string}"},"query-input":{"@type":"PropertyValueSpecification","valueRequired":true,"valueName":"search_term_string"}}],"inLanguage":"ro-RO"},{"@type":"Organization","@id":"https:\/\/bryte.nu\/ro\/#organization","name":"Bryte","url":"https:\/\/bryte.nu\/ro\/","logo":{"@type":"ImageObject","inLanguage":"ro-RO","@id":"https:\/\/bryte.nu\/ro\/#\/schema\/logo\/image\/","url":"https:\/\/bryte.nu\/wp-content\/uploads\/2025\/05\/20180873-Bryte-Logo-rgb-DEF.png","contentUrl":"https:\/\/bryte.nu\/wp-content\/uploads\/2025\/05\/20180873-Bryte-Logo-rgb-DEF.png","width":1477,"height":1182,"caption":"Bryte"},"image":{"@id":"https:\/\/bryte.nu\/ro\/#\/schema\/logo\/image\/"},"sameAs":["https:\/\/www.facebook.com\/BryteGroep\/","https:\/\/www.instagram.com\/bryte_groep\/","https:\/\/www.linkedin.com\/company\/bryte-groep\/"]},{"@type":"Person","@id":"https:\/\/bryte.nu\/ro\/#\/schema\/person\/2d306d0c012a958c8a91cbf0bdd10ab3","name":"Maxime van der Schans","image":{"@type":"ImageObject","inLanguage":"ro-RO","@id":"https:\/\/secure.gravatar.com\/avatar\/21fcb500f6cf7da37cd7f184c6c5e205160aa601428f6c2cc7e8887e16d8bc44?s=96&d=mm&r=g","url":"https:\/\/secure.gravatar.com\/avatar\/21fcb500f6cf7da37cd7f184c6c5e205160aa601428f6c2cc7e8887e16d8bc44?s=96&d=mm&r=g","contentUrl":"https:\/\/secure.gravatar.com\/avatar\/21fcb500f6cf7da37cd7f184c6c5e205160aa601428f6c2cc7e8887e16d8bc44?s=96&d=mm&r=g","caption":"Maxime van der Schans"},"url":"https:\/\/bryte.nu\/ro\/author\/maxbryte\/"}]}},"_links":{"self":[{"href":"https:\/\/bryte.nu\/ro\/wp-json\/wp\/v2\/posts\/3575","targetHints":{"allow":["GET"]}}],"collection":[{"href":"https:\/\/bryte.nu\/ro\/wp-json\/wp\/v2\/posts"}],"about":[{"href":"https:\/\/bryte.nu\/ro\/wp-json\/wp\/v2\/types\/post"}],"author":[{"embeddable":true,"href":"https:\/\/bryte.nu\/ro\/wp-json\/wp\/v2\/users\/2"}],"replies":[{"embeddable":true,"href":"https:\/\/bryte.nu\/ro\/wp-json\/wp\/v2\/comments?post=3575"}],"version-history":[{"count":3,"href":"https:\/\/bryte.nu\/ro\/wp-json\/wp\/v2\/posts\/3575\/revisions"}],"predecessor-version":[{"id":3589,"href":"https:\/\/bryte.nu\/ro\/wp-json\/wp\/v2\/posts\/3575\/revisions\/3589"}],"wp:featuredmedia":[{"embeddable":true,"href":"https:\/\/bryte.nu\/ro\/wp-json\/wp\/v2\/media\/3560"}],"wp:attachment":[{"href":"https:\/\/bryte.nu\/ro\/wp-json\/wp\/v2\/media?parent=3575"}],"wp:term":[{"taxonomy":"category","embeddable":true,"href":"https:\/\/bryte.nu\/ro\/wp-json\/wp\/v2\/categories?post=3575"},{"taxonomy":"post_tag","embeddable":true,"href":"https:\/\/bryte.nu\/ro\/wp-json\/wp\/v2\/tags?post=3575"}],"curies":[{"name":"wp","href":"https:\/\/api.w.org\/{rel}","templated":true}]}}