{"id":3501,"date":"2026-02-26T15:44:01","date_gmt":"2026-02-26T14:44:01","guid":{"rendered":"https:\/\/bryte.nu\/bryte-mitchel-grootscholteni-finans-direktoru-olarak-agirliyor\/"},"modified":"2026-04-29T16:01:12","modified_gmt":"2026-04-29T14:01:12","slug":"bryte-mitchel-grootscholteni-finans-direktoru-olarak-agirliyor","status":"publish","type":"post","link":"https:\/\/bryte.nu\/tr\/bryte-mitchel-grootscholteni-finans-direktoru-olarak-agirliyor\/","title":{"rendered":"Bryte, Mitchel Grootscholten'i Finans Direkt\u00f6r\u00fc olarak a\u011f\u0131rl\u0131yor"},"content":{"rendered":"\n<p>'s-Gravenzande, 26 \u015eubat 2026 - Bryte, Mitchel Grootscholten'in Finans Direkt\u00f6r\u00fc olarak atanmas\u0131yla daha fazla b\u00fcy\u00fcme ve profesyonelle\u015fme yolunda \u00f6nemli bir ad\u0131m at\u0131yor. Grootscholten'in geli\u015fi Bryte i\u00e7in \u00f6nemli bir kilometre ta\u015f\u0131n\u0131 i\u015faret etmekte ve s\u00fcrd\u00fcr\u00fclebilir ve gelece\u011fe d\u00f6n\u00fck bir kurulu\u015fu birlikte in\u015fa etmeye devam etme arzusunun alt\u0131n\u0131 \u00e7izmektedir. <\/p>\n\n<p>Mitchel'in kat\u0131l\u0131m\u0131yla Bryte'\u0131n y\u00f6netim ekibi tam g\u00fcce ula\u015ft\u0131. Mitchel'in Finans Direkt\u00f6r\u00fc olarak odaklanaca\u011f\u0131 konular aras\u0131nda stratejik b\u00fcy\u00fcmeyi daha da g\u00fc\u00e7lendirmek ve desteklemek ile grup b\u00fcnyesindeki t\u00fcm \u015firketler ve i\u015fbirlikleri i\u00e7in yap\u0131 ve g\u00f6zetim olu\u015fturmak yer al\u0131yor. <\/p>\n\n<p>Mitchel geni\u015f bir finansal deneyime sahiptir. Bryte'ye kat\u0131lmadan \u00f6nce, finansman, stratejik dan\u0131\u015fmanl\u0131k ve \u00f6l\u00e7eklenebilir b\u00fcy\u00fcme konular\u0131nda de\u011ferli uzmanl\u0131k kazand\u0131\u011f\u0131 Rabobank ve YEALD'de \u00e7al\u0131\u015fm\u0131\u015ft\u0131r. Bu ge\u00e7mi\u015fi sayesinde Mitchel, di\u011fer g\u00f6revlerinin yan\u0131 s\u0131ra TG7\u2032nin (Thanet Earth) finansman\u0131nda ve A&amp;A Growers'a kat\u0131l\u0131m\u0131n y\u00f6nlendirilmesinde yer alm\u0131\u015ft\u0131r, dolay\u0131s\u0131yla Bryte b\u00fcnyesindeki ki\u015fileri ve \u015firketleri zaten iyi tan\u0131maktad\u0131r. Bilgisi ve pratik deneyimi Bryte'\u0131n \u015fu anda i\u00e7inde bulundu\u011fu a\u015famaya kusursuz bir \u015fekilde uyuyor. Mitchel, keskin finansal kavray\u0131\u015f\u0131n\u0131 giri\u015fimcilik ve insan odakl\u0131 bir yakla\u015f\u0131mla birle\u015ftirerek daha fazla yenilik ve geli\u015fim i\u00e7in sa\u011flam bir temel olu\u015fturulmas\u0131na katk\u0131da bulunuyor.    <\/p>\n\n<p><em>\"Bryte'\u0131 \u00f6zel k\u0131lan h\u0131rs, vizyon ve insanlara g\u00fc\u00e7l\u00fc bir \u015fekilde odaklanman\u0131n kar\u0131\u015f\u0131m\u0131d\u0131r. \u00d6n\u00fcm\u00fczdeki b\u00fcy\u00fcme f\u0131rsatlar\u0131n\u0131 daha da \u015fekillendirmek i\u00e7in ekiple birlikte \u00e7al\u0131\u015fmay\u0131 d\u00f6rt g\u00f6zle bekliyorum,\" dedi Mitchel<\/em> Grootscholten.<\/p>\n\n<p>Bryte da onun geli\u015fini liderli\u011fin g\u00fc\u00e7lenmesi olarak g\u00f6r\u00fcyor:<\/p>\n\n<p><em>\"Mitchel ile sadece g\u00fc\u00e7l\u00fc finansal ve stratejik bilgi birikimini de\u011fil, ayn\u0131 zamanda k\u00fclt\u00fcr\u00fcm\u00fcze ve hedeflerimize uygun birini de b\u00fcnyemize katm\u0131\u015f oluyoruz. Deneyimi ve ki\u015fili\u011fi onu y\u00f6netim kuruluna de\u011ferli bir katk\u0131 haline getiriyor,\" diyor<\/em> Bryte'den <em>Tom<\/em> Zwinkels.<\/p>\n\n<p>Bu atama ile Bryte gelece\u011fe g\u00fcvenle bak\u0131yor ve b\u00fcy\u00fcme, i\u015fbirli\u011fi ve profesyonelli\u011fin kilit \u00f6nem ta\u015f\u0131d\u0131\u011f\u0131 bir gelece\u011fe do\u011fru \u00f6nemli bir ad\u0131m daha at\u0131yor.<\/p>\n","protected":false},"excerpt":{"rendered":"<p>'s-Gravenzande, 26 \u015eubat 2026 - Bryte, Mitchel Grootscholten'in Finans Direkt\u00f6r\u00fc olarak atanmas\u0131yla daha fazla b\u00fcy\u00fcme ve profesyonelle\u015fme yolunda \u00f6nemli bir ad\u0131m at\u0131yor. Grootscholten'in geli\u015fi Bryte i\u00e7in \u00f6nemli bir kilometre ta\u015f\u0131n\u0131 i\u015faret etmekte ve s\u00fcrd\u00fcr\u00fclebilir ve gelece\u011fe d\u00f6n\u00fck bir kurulu\u015fu birlikte in\u015fa etmeye devam etme arzusunun alt\u0131n\u0131 \u00e7izmektedir. Mitchel'in kat\u0131l\u0131m\u0131yla Bryte'\u0131n y\u00f6netim ekibi tam g\u00fcce ula\u015ft\u0131. [&hellip;]<\/p>\n","protected":false},"author":2,"featured_media":3516,"comment_status":"closed","ping_status":"closed","sticky":false,"template":"","format":"standard","meta":{"footnotes":""},"categories":[49],"tags":[],"class_list":["post-3501","post","type-post","status-publish","format-standard","has-post-thumbnail","hentry","category-haberler"],"yoast_head":"<!-- This site is optimized with the Yoast SEO plugin v27.4 - https:\/\/yoast.com\/product\/yoast-seo-wordpress\/ -->\n<title>Bryte, Mitchel Grootscholten&#039;i Finans Direkt\u00f6r\u00fc olarak a\u011f\u0131rl\u0131yor - Bryte<\/title>\n<meta name=\"robots\" content=\"index, follow, max-snippet:-1, max-image-preview:large, max-video-preview:-1\" \/>\n<link rel=\"canonical\" href=\"https:\/\/bryte.nu\/tr\/bryte-mitchel-grootscholteni-finans-direktoru-olarak-agirliyor\/\" \/>\n<meta property=\"og:locale\" content=\"tr_TR\" \/>\n<meta property=\"og:type\" content=\"article\" \/>\n<meta property=\"og:title\" content=\"Bryte, Mitchel Grootscholten&#039;i Finans Direkt\u00f6r\u00fc olarak a\u011f\u0131rl\u0131yor - Bryte\" \/>\n<meta property=\"og:description\" content=\"&#039;s-Gravenzande, 26 \u015eubat 2026 - Bryte, Mitchel Grootscholten&#039;in Finans Direkt\u00f6r\u00fc olarak atanmas\u0131yla daha fazla b\u00fcy\u00fcme ve profesyonelle\u015fme yolunda \u00f6nemli bir ad\u0131m at\u0131yor. Grootscholten&#039;in geli\u015fi Bryte i\u00e7in \u00f6nemli bir kilometre ta\u015f\u0131n\u0131 i\u015faret etmekte ve s\u00fcrd\u00fcr\u00fclebilir ve gelece\u011fe d\u00f6n\u00fck bir kurulu\u015fu birlikte in\u015fa etmeye devam etme arzusunun alt\u0131n\u0131 \u00e7izmektedir. Mitchel&#039;in kat\u0131l\u0131m\u0131yla Bryte&#039;\u0131n y\u00f6netim ekibi tam g\u00fcce ula\u015ft\u0131. [&hellip;]\" \/>\n<meta property=\"og:url\" content=\"https:\/\/bryte.nu\/tr\/bryte-mitchel-grootscholteni-finans-direktoru-olarak-agirliyor\/\" \/>\n<meta property=\"og:site_name\" content=\"Bryte\" \/>\n<meta property=\"article:publisher\" content=\"https:\/\/www.facebook.com\/BryteGroep\/\" \/>\n<meta property=\"article:published_time\" content=\"2026-02-26T14:44:01+00:00\" \/>\n<meta property=\"article:modified_time\" content=\"2026-04-29T14:01:12+00:00\" \/>\n<meta property=\"og:image\" content=\"https:\/\/bryte.nu\/wp-content\/uploads\/2026\/02\/7d9877fb-831e-48b2-bba7-3c03efd3d951.jpg\" \/>\n\t<meta property=\"og:image:width\" content=\"1708\" \/>\n\t<meta property=\"og:image:height\" content=\"1678\" \/>\n\t<meta property=\"og:image:type\" content=\"image\/jpeg\" \/>\n<meta name=\"author\" content=\"Maxime van der Schans\" \/>\n<meta name=\"twitter:card\" content=\"summary_large_image\" \/>\n<meta name=\"twitter:label1\" content=\"Yazan:\" \/>\n\t<meta name=\"twitter:data1\" content=\"Maxime van der Schans\" \/>\n\t<meta name=\"twitter:label2\" content=\"Tahmini okuma s\u00fcresi\" \/>\n\t<meta name=\"twitter:data2\" content=\"2 dakika\" \/>\n<script type=\"application\/ld+json\" class=\"yoast-schema-graph\">{\"@context\":\"https:\\\/\\\/schema.org\",\"@graph\":[{\"@type\":\"Article\",\"@id\":\"https:\\\/\\\/bryte.nu\\\/tr\\\/bryte-mitchel-grootscholteni-finans-direktoru-olarak-agirliyor\\\/#article\",\"isPartOf\":{\"@id\":\"https:\\\/\\\/bryte.nu\\\/tr\\\/bryte-mitchel-grootscholteni-finans-direktoru-olarak-agirliyor\\\/\"},\"author\":{\"name\":\"Maxime van der Schans\",\"@id\":\"https:\\\/\\\/bryte.nu\\\/tr\\\/#\\\/schema\\\/person\\\/2d306d0c012a958c8a91cbf0bdd10ab3\"},\"headline\":\"Bryte, Mitchel Grootscholten'i Finans Direkt\u00f6r\u00fc olarak a\u011f\u0131rl\u0131yor\",\"datePublished\":\"2026-02-26T14:44:01+00:00\",\"dateModified\":\"2026-04-29T14:01:12+00:00\",\"mainEntityOfPage\":{\"@id\":\"https:\\\/\\\/bryte.nu\\\/tr\\\/bryte-mitchel-grootscholteni-finans-direktoru-olarak-agirliyor\\\/\"},\"wordCount\":415,\"publisher\":{\"@id\":\"https:\\\/\\\/bryte.nu\\\/tr\\\/#organization\"},\"image\":{\"@id\":\"https:\\\/\\\/bryte.nu\\\/tr\\\/bryte-mitchel-grootscholteni-finans-direktoru-olarak-agirliyor\\\/#primaryimage\"},\"thumbnailUrl\":\"https:\\\/\\\/bryte.nu\\\/wp-content\\\/uploads\\\/2026\\\/02\\\/7d9877fb-831e-48b2-bba7-3c03efd3d951.jpg\",\"articleSection\":[\"Haberler\"],\"inLanguage\":\"tr\"},{\"@type\":\"WebPage\",\"@id\":\"https:\\\/\\\/bryte.nu\\\/tr\\\/bryte-mitchel-grootscholteni-finans-direktoru-olarak-agirliyor\\\/\",\"url\":\"https:\\\/\\\/bryte.nu\\\/tr\\\/bryte-mitchel-grootscholteni-finans-direktoru-olarak-agirliyor\\\/\",\"name\":\"Bryte, Mitchel Grootscholten'i Finans Direkt\u00f6r\u00fc olarak a\u011f\u0131rl\u0131yor - Bryte\",\"isPartOf\":{\"@id\":\"https:\\\/\\\/bryte.nu\\\/tr\\\/#website\"},\"primaryImageOfPage\":{\"@id\":\"https:\\\/\\\/bryte.nu\\\/tr\\\/bryte-mitchel-grootscholteni-finans-direktoru-olarak-agirliyor\\\/#primaryimage\"},\"image\":{\"@id\":\"https:\\\/\\\/bryte.nu\\\/tr\\\/bryte-mitchel-grootscholteni-finans-direktoru-olarak-agirliyor\\\/#primaryimage\"},\"thumbnailUrl\":\"https:\\\/\\\/bryte.nu\\\/wp-content\\\/uploads\\\/2026\\\/02\\\/7d9877fb-831e-48b2-bba7-3c03efd3d951.jpg\",\"datePublished\":\"2026-02-26T14:44:01+00:00\",\"dateModified\":\"2026-04-29T14:01:12+00:00\",\"breadcrumb\":{\"@id\":\"https:\\\/\\\/bryte.nu\\\/tr\\\/bryte-mitchel-grootscholteni-finans-direktoru-olarak-agirliyor\\\/#breadcrumb\"},\"inLanguage\":\"tr\",\"potentialAction\":[{\"@type\":\"ReadAction\",\"target\":[\"https:\\\/\\\/bryte.nu\\\/tr\\\/bryte-mitchel-grootscholteni-finans-direktoru-olarak-agirliyor\\\/\"]}]},{\"@type\":\"ImageObject\",\"inLanguage\":\"tr\",\"@id\":\"https:\\\/\\\/bryte.nu\\\/tr\\\/bryte-mitchel-grootscholteni-finans-direktoru-olarak-agirliyor\\\/#primaryimage\",\"url\":\"https:\\\/\\\/bryte.nu\\\/wp-content\\\/uploads\\\/2026\\\/02\\\/7d9877fb-831e-48b2-bba7-3c03efd3d951.jpg\",\"contentUrl\":\"https:\\\/\\\/bryte.nu\\\/wp-content\\\/uploads\\\/2026\\\/02\\\/7d9877fb-831e-48b2-bba7-3c03efd3d951.jpg\",\"width\":1708,\"height\":1678},{\"@type\":\"BreadcrumbList\",\"@id\":\"https:\\\/\\\/bryte.nu\\\/tr\\\/bryte-mitchel-grootscholteni-finans-direktoru-olarak-agirliyor\\\/#breadcrumb\",\"itemListElement\":[{\"@type\":\"ListItem\",\"position\":1,\"name\":\"Ev\",\"item\":\"https:\\\/\\\/bryte.nu\\\/tr\\\/ev\\\/\"},{\"@type\":\"ListItem\",\"position\":2,\"name\":\"Bryte, Mitchel Grootscholten'i Finans Direkt\u00f6r\u00fc olarak a\u011f\u0131rl\u0131yor\"}]},{\"@type\":\"WebSite\",\"@id\":\"https:\\\/\\\/bryte.nu\\\/tr\\\/#website\",\"url\":\"https:\\\/\\\/bryte.nu\\\/tr\\\/\",\"name\":\"Bryte\",\"description\":\"Mutlulu\u011fun b\u00fcy\u00fcd\u00fc\u011f\u00fc yer\",\"publisher\":{\"@id\":\"https:\\\/\\\/bryte.nu\\\/tr\\\/#organization\"},\"potentialAction\":[{\"@type\":\"SearchAction\",\"target\":{\"@type\":\"EntryPoint\",\"urlTemplate\":\"https:\\\/\\\/bryte.nu\\\/tr\\\/?s={search_term_string}\"},\"query-input\":{\"@type\":\"PropertyValueSpecification\",\"valueRequired\":true,\"valueName\":\"search_term_string\"}}],\"inLanguage\":\"tr\"},{\"@type\":\"Organization\",\"@id\":\"https:\\\/\\\/bryte.nu\\\/tr\\\/#organization\",\"name\":\"Bryte\",\"url\":\"https:\\\/\\\/bryte.nu\\\/tr\\\/\",\"logo\":{\"@type\":\"ImageObject\",\"inLanguage\":\"tr\",\"@id\":\"https:\\\/\\\/bryte.nu\\\/tr\\\/#\\\/schema\\\/logo\\\/image\\\/\",\"url\":\"https:\\\/\\\/bryte.nu\\\/wp-content\\\/uploads\\\/2025\\\/05\\\/20180873-Bryte-Logo-rgb-DEF.png\",\"contentUrl\":\"https:\\\/\\\/bryte.nu\\\/wp-content\\\/uploads\\\/2025\\\/05\\\/20180873-Bryte-Logo-rgb-DEF.png\",\"width\":1477,\"height\":1182,\"caption\":\"Bryte\"},\"image\":{\"@id\":\"https:\\\/\\\/bryte.nu\\\/tr\\\/#\\\/schema\\\/logo\\\/image\\\/\"},\"sameAs\":[\"https:\\\/\\\/www.facebook.com\\\/BryteGroep\\\/\",\"https:\\\/\\\/www.instagram.com\\\/bryte_groep\\\/\",\"https:\\\/\\\/www.linkedin.com\\\/company\\\/bryte-groep\\\/\"]},{\"@type\":\"Person\",\"@id\":\"https:\\\/\\\/bryte.nu\\\/tr\\\/#\\\/schema\\\/person\\\/2d306d0c012a958c8a91cbf0bdd10ab3\",\"name\":\"Maxime van der Schans\",\"image\":{\"@type\":\"ImageObject\",\"inLanguage\":\"tr\",\"@id\":\"https:\\\/\\\/secure.gravatar.com\\\/avatar\\\/21fcb500f6cf7da37cd7f184c6c5e205160aa601428f6c2cc7e8887e16d8bc44?s=96&d=mm&r=g\",\"url\":\"https:\\\/\\\/secure.gravatar.com\\\/avatar\\\/21fcb500f6cf7da37cd7f184c6c5e205160aa601428f6c2cc7e8887e16d8bc44?s=96&d=mm&r=g\",\"contentUrl\":\"https:\\\/\\\/secure.gravatar.com\\\/avatar\\\/21fcb500f6cf7da37cd7f184c6c5e205160aa601428f6c2cc7e8887e16d8bc44?s=96&d=mm&r=g\",\"caption\":\"Maxime van der Schans\"},\"url\":\"https:\\\/\\\/bryte.nu\\\/tr\\\/author\\\/maxbryte\\\/\"}]}<\/script>\n<!-- \/ Yoast SEO plugin. -->","yoast_head_json":{"title":"Bryte, Mitchel Grootscholten'i Finans Direkt\u00f6r\u00fc olarak a\u011f\u0131rl\u0131yor - Bryte","robots":{"index":"index","follow":"follow","max-snippet":"max-snippet:-1","max-image-preview":"max-image-preview:large","max-video-preview":"max-video-preview:-1"},"canonical":"https:\/\/bryte.nu\/tr\/bryte-mitchel-grootscholteni-finans-direktoru-olarak-agirliyor\/","og_locale":"tr_TR","og_type":"article","og_title":"Bryte, Mitchel Grootscholten'i Finans Direkt\u00f6r\u00fc olarak a\u011f\u0131rl\u0131yor - Bryte","og_description":"'s-Gravenzande, 26 \u015eubat 2026 - Bryte, Mitchel Grootscholten'in Finans Direkt\u00f6r\u00fc olarak atanmas\u0131yla daha fazla b\u00fcy\u00fcme ve profesyonelle\u015fme yolunda \u00f6nemli bir ad\u0131m at\u0131yor. Grootscholten'in geli\u015fi Bryte i\u00e7in \u00f6nemli bir kilometre ta\u015f\u0131n\u0131 i\u015faret etmekte ve s\u00fcrd\u00fcr\u00fclebilir ve gelece\u011fe d\u00f6n\u00fck bir kurulu\u015fu birlikte in\u015fa etmeye devam etme arzusunun alt\u0131n\u0131 \u00e7izmektedir. Mitchel'in kat\u0131l\u0131m\u0131yla Bryte'\u0131n y\u00f6netim ekibi tam g\u00fcce ula\u015ft\u0131. [&hellip;]","og_url":"https:\/\/bryte.nu\/tr\/bryte-mitchel-grootscholteni-finans-direktoru-olarak-agirliyor\/","og_site_name":"Bryte","article_publisher":"https:\/\/www.facebook.com\/BryteGroep\/","article_published_time":"2026-02-26T14:44:01+00:00","article_modified_time":"2026-04-29T14:01:12+00:00","og_image":[{"width":1708,"height":1678,"url":"https:\/\/bryte.nu\/wp-content\/uploads\/2026\/02\/7d9877fb-831e-48b2-bba7-3c03efd3d951.jpg","type":"image\/jpeg"}],"author":"Maxime van der Schans","twitter_card":"summary_large_image","twitter_misc":{"Yazan:":"Maxime van der Schans","Tahmini okuma s\u00fcresi":"2 dakika"},"schema":{"@context":"https:\/\/schema.org","@graph":[{"@type":"Article","@id":"https:\/\/bryte.nu\/tr\/bryte-mitchel-grootscholteni-finans-direktoru-olarak-agirliyor\/#article","isPartOf":{"@id":"https:\/\/bryte.nu\/tr\/bryte-mitchel-grootscholteni-finans-direktoru-olarak-agirliyor\/"},"author":{"name":"Maxime van der Schans","@id":"https:\/\/bryte.nu\/tr\/#\/schema\/person\/2d306d0c012a958c8a91cbf0bdd10ab3"},"headline":"Bryte, Mitchel Grootscholten'i Finans Direkt\u00f6r\u00fc olarak a\u011f\u0131rl\u0131yor","datePublished":"2026-02-26T14:44:01+00:00","dateModified":"2026-04-29T14:01:12+00:00","mainEntityOfPage":{"@id":"https:\/\/bryte.nu\/tr\/bryte-mitchel-grootscholteni-finans-direktoru-olarak-agirliyor\/"},"wordCount":415,"publisher":{"@id":"https:\/\/bryte.nu\/tr\/#organization"},"image":{"@id":"https:\/\/bryte.nu\/tr\/bryte-mitchel-grootscholteni-finans-direktoru-olarak-agirliyor\/#primaryimage"},"thumbnailUrl":"https:\/\/bryte.nu\/wp-content\/uploads\/2026\/02\/7d9877fb-831e-48b2-bba7-3c03efd3d951.jpg","articleSection":["Haberler"],"inLanguage":"tr"},{"@type":"WebPage","@id":"https:\/\/bryte.nu\/tr\/bryte-mitchel-grootscholteni-finans-direktoru-olarak-agirliyor\/","url":"https:\/\/bryte.nu\/tr\/bryte-mitchel-grootscholteni-finans-direktoru-olarak-agirliyor\/","name":"Bryte, Mitchel Grootscholten'i Finans Direkt\u00f6r\u00fc olarak a\u011f\u0131rl\u0131yor - Bryte","isPartOf":{"@id":"https:\/\/bryte.nu\/tr\/#website"},"primaryImageOfPage":{"@id":"https:\/\/bryte.nu\/tr\/bryte-mitchel-grootscholteni-finans-direktoru-olarak-agirliyor\/#primaryimage"},"image":{"@id":"https:\/\/bryte.nu\/tr\/bryte-mitchel-grootscholteni-finans-direktoru-olarak-agirliyor\/#primaryimage"},"thumbnailUrl":"https:\/\/bryte.nu\/wp-content\/uploads\/2026\/02\/7d9877fb-831e-48b2-bba7-3c03efd3d951.jpg","datePublished":"2026-02-26T14:44:01+00:00","dateModified":"2026-04-29T14:01:12+00:00","breadcrumb":{"@id":"https:\/\/bryte.nu\/tr\/bryte-mitchel-grootscholteni-finans-direktoru-olarak-agirliyor\/#breadcrumb"},"inLanguage":"tr","potentialAction":[{"@type":"ReadAction","target":["https:\/\/bryte.nu\/tr\/bryte-mitchel-grootscholteni-finans-direktoru-olarak-agirliyor\/"]}]},{"@type":"ImageObject","inLanguage":"tr","@id":"https:\/\/bryte.nu\/tr\/bryte-mitchel-grootscholteni-finans-direktoru-olarak-agirliyor\/#primaryimage","url":"https:\/\/bryte.nu\/wp-content\/uploads\/2026\/02\/7d9877fb-831e-48b2-bba7-3c03efd3d951.jpg","contentUrl":"https:\/\/bryte.nu\/wp-content\/uploads\/2026\/02\/7d9877fb-831e-48b2-bba7-3c03efd3d951.jpg","width":1708,"height":1678},{"@type":"BreadcrumbList","@id":"https:\/\/bryte.nu\/tr\/bryte-mitchel-grootscholteni-finans-direktoru-olarak-agirliyor\/#breadcrumb","itemListElement":[{"@type":"ListItem","position":1,"name":"Ev","item":"https:\/\/bryte.nu\/tr\/ev\/"},{"@type":"ListItem","position":2,"name":"Bryte, Mitchel Grootscholten'i Finans Direkt\u00f6r\u00fc olarak a\u011f\u0131rl\u0131yor"}]},{"@type":"WebSite","@id":"https:\/\/bryte.nu\/tr\/#website","url":"https:\/\/bryte.nu\/tr\/","name":"Bryte","description":"Mutlulu\u011fun b\u00fcy\u00fcd\u00fc\u011f\u00fc yer","publisher":{"@id":"https:\/\/bryte.nu\/tr\/#organization"},"potentialAction":[{"@type":"SearchAction","target":{"@type":"EntryPoint","urlTemplate":"https:\/\/bryte.nu\/tr\/?s={search_term_string}"},"query-input":{"@type":"PropertyValueSpecification","valueRequired":true,"valueName":"search_term_string"}}],"inLanguage":"tr"},{"@type":"Organization","@id":"https:\/\/bryte.nu\/tr\/#organization","name":"Bryte","url":"https:\/\/bryte.nu\/tr\/","logo":{"@type":"ImageObject","inLanguage":"tr","@id":"https:\/\/bryte.nu\/tr\/#\/schema\/logo\/image\/","url":"https:\/\/bryte.nu\/wp-content\/uploads\/2025\/05\/20180873-Bryte-Logo-rgb-DEF.png","contentUrl":"https:\/\/bryte.nu\/wp-content\/uploads\/2025\/05\/20180873-Bryte-Logo-rgb-DEF.png","width":1477,"height":1182,"caption":"Bryte"},"image":{"@id":"https:\/\/bryte.nu\/tr\/#\/schema\/logo\/image\/"},"sameAs":["https:\/\/www.facebook.com\/BryteGroep\/","https:\/\/www.instagram.com\/bryte_groep\/","https:\/\/www.linkedin.com\/company\/bryte-groep\/"]},{"@type":"Person","@id":"https:\/\/bryte.nu\/tr\/#\/schema\/person\/2d306d0c012a958c8a91cbf0bdd10ab3","name":"Maxime van der Schans","image":{"@type":"ImageObject","inLanguage":"tr","@id":"https:\/\/secure.gravatar.com\/avatar\/21fcb500f6cf7da37cd7f184c6c5e205160aa601428f6c2cc7e8887e16d8bc44?s=96&d=mm&r=g","url":"https:\/\/secure.gravatar.com\/avatar\/21fcb500f6cf7da37cd7f184c6c5e205160aa601428f6c2cc7e8887e16d8bc44?s=96&d=mm&r=g","contentUrl":"https:\/\/secure.gravatar.com\/avatar\/21fcb500f6cf7da37cd7f184c6c5e205160aa601428f6c2cc7e8887e16d8bc44?s=96&d=mm&r=g","caption":"Maxime van der Schans"},"url":"https:\/\/bryte.nu\/tr\/author\/maxbryte\/"}]}},"_links":{"self":[{"href":"https:\/\/bryte.nu\/tr\/wp-json\/wp\/v2\/posts\/3501","targetHints":{"allow":["GET"]}}],"collection":[{"href":"https:\/\/bryte.nu\/tr\/wp-json\/wp\/v2\/posts"}],"about":[{"href":"https:\/\/bryte.nu\/tr\/wp-json\/wp\/v2\/types\/post"}],"author":[{"embeddable":true,"href":"https:\/\/bryte.nu\/tr\/wp-json\/wp\/v2\/users\/2"}],"replies":[{"embeddable":true,"href":"https:\/\/bryte.nu\/tr\/wp-json\/wp\/v2\/comments?post=3501"}],"version-history":[{"count":1,"href":"https:\/\/bryte.nu\/tr\/wp-json\/wp\/v2\/posts\/3501\/revisions"}],"predecessor-version":[{"id":3502,"href":"https:\/\/bryte.nu\/tr\/wp-json\/wp\/v2\/posts\/3501\/revisions\/3502"}],"wp:featuredmedia":[{"embeddable":true,"href":"https:\/\/bryte.nu\/tr\/wp-json\/wp\/v2\/media\/3516"}],"wp:attachment":[{"href":"https:\/\/bryte.nu\/tr\/wp-json\/wp\/v2\/media?parent=3501"}],"wp:term":[{"taxonomy":"category","embeddable":true,"href":"https:\/\/bryte.nu\/tr\/wp-json\/wp\/v2\/categories?post=3501"},{"taxonomy":"post_tag","embeddable":true,"href":"https:\/\/bryte.nu\/tr\/wp-json\/wp\/v2\/tags?post=3501"}],"curies":[{"name":"wp","href":"https:\/\/api.w.org\/{rel}","templated":true}]}}