{"id":3573,"date":"2026-04-01T15:37:31","date_gmt":"2026-04-01T13:37:31","guid":{"rendered":"https:\/\/bryte.nu\/bryte-kom-in-de-kas-sirasinda-kapilarini-aciyor\/"},"modified":"2026-04-29T16:00:57","modified_gmt":"2026-04-29T14:00:57","slug":"bryte-kom-in-de-kas-sirasinda-kapilarini-aciyor","status":"publish","type":"post","link":"https:\/\/bryte.nu\/tr\/bryte-kom-in-de-kas-sirasinda-kapilarini-aciyor\/","title":{"rendered":"Bryte, Kom in de Kas s\u0131ras\u0131nda kap\u0131lar\u0131n\u0131 a\u00e7\u0131yor"},"content":{"rendered":"\n<p>Bryte <a href=\"https:\/\/www.komindekas.nl\/locaties\/voorne-putten\/\" type=\"link\" id=\"https:\/\/www.komindekas.nl\/locaties\/voorne-putten\/\">bu y\u0131l Kom in de Kas<\/a> 'a kat\u0131l\u0131yor ve i\u015fletmesinin kap\u0131lar\u0131n\u0131 halka a\u00e7maktan gurur duyuyor. Ziyaret\u00e7iler 11 Nisan Cumartesi g\u00fcn\u00fc Tinte'deki Konneweg 1A'ya gelerek perde arkas\u0131na e\u015fsiz bir bak\u0131\u015f atabilirler. <\/p>\n\n<p>Bu g\u00fcn boyunca Bryte, modern domates yeti\u015ftiricili\u011finin nas\u0131l i\u015fledi\u011fini yak\u0131ndan g\u00f6rmek i\u00e7in \u00f6zel bir f\u0131rsat sunuyor. Ziyaret\u00e7iler, domates \u00fcretim s\u00fcrecimizde inovasyon, s\u00fcrd\u00fcr\u00fclebilirlik ve zanaatkarl\u0131\u011f\u0131n nas\u0131l bir araya geldi\u011fini ke\u015ffedecekler. <\/p>\n\n<p>Kom in de Kas, sera sekt\u00f6r\u00fcn\u00fc i\u00e7eriden deneyimlemenin tam zaman\u0131.  <\/p>\n\n<p>Herkes u\u011frayabilir, sorular sorabilir ve Bryte'\u0131n aile hissini deneyimleyebilir.  <\/p>\n\n<p><strong>Pratik bilgiler:<\/strong><\/p>\n\n<ul class=\"wp-block-list\">\n<li>Tarih: 11 Nisan Cumartesi<\/li>\n\n\n\n<li>Konum: Konneweg 1A, Tinte<\/li>\n\n\n\n<li>Saat: 10:00-4:00 aras\u0131.  <\/li>\n\n\n\n<li>Giri\u015f: \u00fccretsiz<\/li>\n<\/ul>\n\n<p><\/p>\n\n<p><strong>Gelip seram\u0131za bir g\u00f6z atar m\u0131s\u0131n\u0131z?<\/strong><\/p>\n\n<p><\/p>\n","protected":false},"excerpt":{"rendered":"<p>Bryte bu y\u0131l Kom in de Kas 'a kat\u0131l\u0131yor ve i\u015fletmesinin kap\u0131lar\u0131n\u0131 halka a\u00e7maktan gurur duyuyor. Ziyaret\u00e7iler 11 Nisan Cumartesi g\u00fcn\u00fc Tinte'deki Konneweg 1A'ya gelerek perde arkas\u0131na e\u015fsiz bir bak\u0131\u015f atabilirler. Bu g\u00fcn boyunca Bryte, modern domates yeti\u015ftiricili\u011finin nas\u0131l i\u015fledi\u011fini yak\u0131ndan g\u00f6rmek i\u00e7in \u00f6zel bir f\u0131rsat sunuyor. Ziyaret\u00e7iler, domates \u00fcretim s\u00fcrecimizde inovasyon, s\u00fcrd\u00fcr\u00fclebilirlik ve zanaatkarl\u0131\u011f\u0131n [&hellip;]<\/p>\n","protected":false},"author":2,"featured_media":3561,"comment_status":"closed","ping_status":"closed","sticky":false,"template":"","format":"standard","meta":{"footnotes":""},"categories":[49],"tags":[],"class_list":["post-3573","post","type-post","status-publish","format-standard","has-post-thumbnail","hentry","category-haberler"],"yoast_head":"<!-- This site is optimized with the Yoast SEO plugin v27.4 - https:\/\/yoast.com\/product\/yoast-seo-wordpress\/ -->\n<title>Bryte, Kom in de Kas s\u0131ras\u0131nda kap\u0131lar\u0131n\u0131 a\u00e7\u0131yor - Bryte<\/title>\n<meta name=\"robots\" content=\"index, follow, max-snippet:-1, max-image-preview:large, max-video-preview:-1\" \/>\n<link rel=\"canonical\" href=\"https:\/\/bryte.nu\/tr\/bryte-kom-in-de-kas-sirasinda-kapilarini-aciyor\/\" \/>\n<meta property=\"og:locale\" content=\"tr_TR\" \/>\n<meta property=\"og:type\" content=\"article\" \/>\n<meta property=\"og:title\" content=\"Bryte, Kom in de Kas s\u0131ras\u0131nda kap\u0131lar\u0131n\u0131 a\u00e7\u0131yor - Bryte\" \/>\n<meta property=\"og:description\" content=\"Bryte bu y\u0131l Kom in de Kas &#039;a kat\u0131l\u0131yor ve i\u015fletmesinin kap\u0131lar\u0131n\u0131 halka a\u00e7maktan gurur duyuyor. Ziyaret\u00e7iler 11 Nisan Cumartesi g\u00fcn\u00fc Tinte&#039;deki Konneweg 1A&#039;ya gelerek perde arkas\u0131na e\u015fsiz bir bak\u0131\u015f atabilirler. Bu g\u00fcn boyunca Bryte, modern domates yeti\u015ftiricili\u011finin nas\u0131l i\u015fledi\u011fini yak\u0131ndan g\u00f6rmek i\u00e7in \u00f6zel bir f\u0131rsat sunuyor. Ziyaret\u00e7iler, domates \u00fcretim s\u00fcrecimizde inovasyon, s\u00fcrd\u00fcr\u00fclebilirlik ve zanaatkarl\u0131\u011f\u0131n [&hellip;]\" \/>\n<meta property=\"og:url\" content=\"https:\/\/bryte.nu\/tr\/bryte-kom-in-de-kas-sirasinda-kapilarini-aciyor\/\" \/>\n<meta property=\"og:site_name\" content=\"Bryte\" \/>\n<meta property=\"article:publisher\" content=\"https:\/\/www.facebook.com\/BryteGroep\/\" \/>\n<meta property=\"article:published_time\" content=\"2026-04-01T13:37:31+00:00\" \/>\n<meta property=\"article:modified_time\" content=\"2026-04-29T14:00:57+00:00\" \/>\n<meta property=\"og:image\" content=\"https:\/\/bryte.nu\/wp-content\/uploads\/2026\/04\/20241223Bryte-21-scaled.jpg\" \/>\n\t<meta property=\"og:image:width\" content=\"2560\" \/>\n\t<meta property=\"og:image:height\" content=\"1707\" \/>\n\t<meta property=\"og:image:type\" content=\"image\/jpeg\" \/>\n<meta name=\"author\" content=\"Maxime van der Schans\" \/>\n<meta name=\"twitter:card\" content=\"summary_large_image\" \/>\n<meta name=\"twitter:label1\" content=\"Yazan:\" \/>\n\t<meta name=\"twitter:data1\" content=\"Maxime van der Schans\" \/>\n\t<meta name=\"twitter:label2\" content=\"Tahmini okuma s\u00fcresi\" \/>\n\t<meta name=\"twitter:data2\" content=\"1 dakika\" \/>\n<script type=\"application\/ld+json\" class=\"yoast-schema-graph\">{\"@context\":\"https:\\\/\\\/schema.org\",\"@graph\":[{\"@type\":\"Article\",\"@id\":\"https:\\\/\\\/bryte.nu\\\/tr\\\/bryte-kom-in-de-kas-sirasinda-kapilarini-aciyor\\\/#article\",\"isPartOf\":{\"@id\":\"https:\\\/\\\/bryte.nu\\\/tr\\\/bryte-kom-in-de-kas-sirasinda-kapilarini-aciyor\\\/\"},\"author\":{\"name\":\"Maxime van der Schans\",\"@id\":\"https:\\\/\\\/bryte.nu\\\/tr\\\/#\\\/schema\\\/person\\\/2d306d0c012a958c8a91cbf0bdd10ab3\"},\"headline\":\"Bryte, Kom in de Kas s\u0131ras\u0131nda kap\u0131lar\u0131n\u0131 a\u00e7\u0131yor\",\"datePublished\":\"2026-04-01T13:37:31+00:00\",\"dateModified\":\"2026-04-29T14:00:57+00:00\",\"mainEntityOfPage\":{\"@id\":\"https:\\\/\\\/bryte.nu\\\/tr\\\/bryte-kom-in-de-kas-sirasinda-kapilarini-aciyor\\\/\"},\"wordCount\":153,\"publisher\":{\"@id\":\"https:\\\/\\\/bryte.nu\\\/tr\\\/#organization\"},\"image\":{\"@id\":\"https:\\\/\\\/bryte.nu\\\/tr\\\/bryte-kom-in-de-kas-sirasinda-kapilarini-aciyor\\\/#primaryimage\"},\"thumbnailUrl\":\"https:\\\/\\\/bryte.nu\\\/wp-content\\\/uploads\\\/2026\\\/04\\\/20241223Bryte-21-scaled.jpg\",\"articleSection\":[\"Haberler\"],\"inLanguage\":\"tr\"},{\"@type\":\"WebPage\",\"@id\":\"https:\\\/\\\/bryte.nu\\\/tr\\\/bryte-kom-in-de-kas-sirasinda-kapilarini-aciyor\\\/\",\"url\":\"https:\\\/\\\/bryte.nu\\\/tr\\\/bryte-kom-in-de-kas-sirasinda-kapilarini-aciyor\\\/\",\"name\":\"Bryte, Kom in de Kas s\u0131ras\u0131nda kap\u0131lar\u0131n\u0131 a\u00e7\u0131yor - Bryte\",\"isPartOf\":{\"@id\":\"https:\\\/\\\/bryte.nu\\\/tr\\\/#website\"},\"primaryImageOfPage\":{\"@id\":\"https:\\\/\\\/bryte.nu\\\/tr\\\/bryte-kom-in-de-kas-sirasinda-kapilarini-aciyor\\\/#primaryimage\"},\"image\":{\"@id\":\"https:\\\/\\\/bryte.nu\\\/tr\\\/bryte-kom-in-de-kas-sirasinda-kapilarini-aciyor\\\/#primaryimage\"},\"thumbnailUrl\":\"https:\\\/\\\/bryte.nu\\\/wp-content\\\/uploads\\\/2026\\\/04\\\/20241223Bryte-21-scaled.jpg\",\"datePublished\":\"2026-04-01T13:37:31+00:00\",\"dateModified\":\"2026-04-29T14:00:57+00:00\",\"breadcrumb\":{\"@id\":\"https:\\\/\\\/bryte.nu\\\/tr\\\/bryte-kom-in-de-kas-sirasinda-kapilarini-aciyor\\\/#breadcrumb\"},\"inLanguage\":\"tr\",\"potentialAction\":[{\"@type\":\"ReadAction\",\"target\":[\"https:\\\/\\\/bryte.nu\\\/tr\\\/bryte-kom-in-de-kas-sirasinda-kapilarini-aciyor\\\/\"]}]},{\"@type\":\"ImageObject\",\"inLanguage\":\"tr\",\"@id\":\"https:\\\/\\\/bryte.nu\\\/tr\\\/bryte-kom-in-de-kas-sirasinda-kapilarini-aciyor\\\/#primaryimage\",\"url\":\"https:\\\/\\\/bryte.nu\\\/wp-content\\\/uploads\\\/2026\\\/04\\\/20241223Bryte-21-scaled.jpg\",\"contentUrl\":\"https:\\\/\\\/bryte.nu\\\/wp-content\\\/uploads\\\/2026\\\/04\\\/20241223Bryte-21-scaled.jpg\",\"width\":2560,\"height\":1707,\"caption\":\"Sharon Schouten, Bruidsfotografie, Bedrijfsfotografie\"},{\"@type\":\"BreadcrumbList\",\"@id\":\"https:\\\/\\\/bryte.nu\\\/tr\\\/bryte-kom-in-de-kas-sirasinda-kapilarini-aciyor\\\/#breadcrumb\",\"itemListElement\":[{\"@type\":\"ListItem\",\"position\":1,\"name\":\"Ev\",\"item\":\"https:\\\/\\\/bryte.nu\\\/tr\\\/ev\\\/\"},{\"@type\":\"ListItem\",\"position\":2,\"name\":\"Bryte, Kom in de Kas s\u0131ras\u0131nda kap\u0131lar\u0131n\u0131 a\u00e7\u0131yor\"}]},{\"@type\":\"WebSite\",\"@id\":\"https:\\\/\\\/bryte.nu\\\/tr\\\/#website\",\"url\":\"https:\\\/\\\/bryte.nu\\\/tr\\\/\",\"name\":\"Bryte\",\"description\":\"Mutlulu\u011fun b\u00fcy\u00fcd\u00fc\u011f\u00fc yer\",\"publisher\":{\"@id\":\"https:\\\/\\\/bryte.nu\\\/tr\\\/#organization\"},\"potentialAction\":[{\"@type\":\"SearchAction\",\"target\":{\"@type\":\"EntryPoint\",\"urlTemplate\":\"https:\\\/\\\/bryte.nu\\\/tr\\\/?s={search_term_string}\"},\"query-input\":{\"@type\":\"PropertyValueSpecification\",\"valueRequired\":true,\"valueName\":\"search_term_string\"}}],\"inLanguage\":\"tr\"},{\"@type\":\"Organization\",\"@id\":\"https:\\\/\\\/bryte.nu\\\/tr\\\/#organization\",\"name\":\"Bryte\",\"url\":\"https:\\\/\\\/bryte.nu\\\/tr\\\/\",\"logo\":{\"@type\":\"ImageObject\",\"inLanguage\":\"tr\",\"@id\":\"https:\\\/\\\/bryte.nu\\\/tr\\\/#\\\/schema\\\/logo\\\/image\\\/\",\"url\":\"https:\\\/\\\/bryte.nu\\\/wp-content\\\/uploads\\\/2025\\\/05\\\/20180873-Bryte-Logo-rgb-DEF.png\",\"contentUrl\":\"https:\\\/\\\/bryte.nu\\\/wp-content\\\/uploads\\\/2025\\\/05\\\/20180873-Bryte-Logo-rgb-DEF.png\",\"width\":1477,\"height\":1182,\"caption\":\"Bryte\"},\"image\":{\"@id\":\"https:\\\/\\\/bryte.nu\\\/tr\\\/#\\\/schema\\\/logo\\\/image\\\/\"},\"sameAs\":[\"https:\\\/\\\/www.facebook.com\\\/BryteGroep\\\/\",\"https:\\\/\\\/www.instagram.com\\\/bryte_groep\\\/\",\"https:\\\/\\\/www.linkedin.com\\\/company\\\/bryte-groep\\\/\"]},{\"@type\":\"Person\",\"@id\":\"https:\\\/\\\/bryte.nu\\\/tr\\\/#\\\/schema\\\/person\\\/2d306d0c012a958c8a91cbf0bdd10ab3\",\"name\":\"Maxime van der Schans\",\"image\":{\"@type\":\"ImageObject\",\"inLanguage\":\"tr\",\"@id\":\"https:\\\/\\\/secure.gravatar.com\\\/avatar\\\/21fcb500f6cf7da37cd7f184c6c5e205160aa601428f6c2cc7e8887e16d8bc44?s=96&d=mm&r=g\",\"url\":\"https:\\\/\\\/secure.gravatar.com\\\/avatar\\\/21fcb500f6cf7da37cd7f184c6c5e205160aa601428f6c2cc7e8887e16d8bc44?s=96&d=mm&r=g\",\"contentUrl\":\"https:\\\/\\\/secure.gravatar.com\\\/avatar\\\/21fcb500f6cf7da37cd7f184c6c5e205160aa601428f6c2cc7e8887e16d8bc44?s=96&d=mm&r=g\",\"caption\":\"Maxime van der Schans\"},\"url\":\"https:\\\/\\\/bryte.nu\\\/tr\\\/author\\\/maxbryte\\\/\"}]}<\/script>\n<!-- \/ Yoast SEO plugin. -->","yoast_head_json":{"title":"Bryte, Kom in de Kas s\u0131ras\u0131nda kap\u0131lar\u0131n\u0131 a\u00e7\u0131yor - Bryte","robots":{"index":"index","follow":"follow","max-snippet":"max-snippet:-1","max-image-preview":"max-image-preview:large","max-video-preview":"max-video-preview:-1"},"canonical":"https:\/\/bryte.nu\/tr\/bryte-kom-in-de-kas-sirasinda-kapilarini-aciyor\/","og_locale":"tr_TR","og_type":"article","og_title":"Bryte, Kom in de Kas s\u0131ras\u0131nda kap\u0131lar\u0131n\u0131 a\u00e7\u0131yor - Bryte","og_description":"Bryte bu y\u0131l Kom in de Kas 'a kat\u0131l\u0131yor ve i\u015fletmesinin kap\u0131lar\u0131n\u0131 halka a\u00e7maktan gurur duyuyor. Ziyaret\u00e7iler 11 Nisan Cumartesi g\u00fcn\u00fc Tinte'deki Konneweg 1A'ya gelerek perde arkas\u0131na e\u015fsiz bir bak\u0131\u015f atabilirler. Bu g\u00fcn boyunca Bryte, modern domates yeti\u015ftiricili\u011finin nas\u0131l i\u015fledi\u011fini yak\u0131ndan g\u00f6rmek i\u00e7in \u00f6zel bir f\u0131rsat sunuyor. Ziyaret\u00e7iler, domates \u00fcretim s\u00fcrecimizde inovasyon, s\u00fcrd\u00fcr\u00fclebilirlik ve zanaatkarl\u0131\u011f\u0131n [&hellip;]","og_url":"https:\/\/bryte.nu\/tr\/bryte-kom-in-de-kas-sirasinda-kapilarini-aciyor\/","og_site_name":"Bryte","article_publisher":"https:\/\/www.facebook.com\/BryteGroep\/","article_published_time":"2026-04-01T13:37:31+00:00","article_modified_time":"2026-04-29T14:00:57+00:00","og_image":[{"width":2560,"height":1707,"url":"https:\/\/bryte.nu\/wp-content\/uploads\/2026\/04\/20241223Bryte-21-scaled.jpg","type":"image\/jpeg"}],"author":"Maxime van der Schans","twitter_card":"summary_large_image","twitter_misc":{"Yazan:":"Maxime van der Schans","Tahmini okuma s\u00fcresi":"1 dakika"},"schema":{"@context":"https:\/\/schema.org","@graph":[{"@type":"Article","@id":"https:\/\/bryte.nu\/tr\/bryte-kom-in-de-kas-sirasinda-kapilarini-aciyor\/#article","isPartOf":{"@id":"https:\/\/bryte.nu\/tr\/bryte-kom-in-de-kas-sirasinda-kapilarini-aciyor\/"},"author":{"name":"Maxime van der Schans","@id":"https:\/\/bryte.nu\/tr\/#\/schema\/person\/2d306d0c012a958c8a91cbf0bdd10ab3"},"headline":"Bryte, Kom in de Kas s\u0131ras\u0131nda kap\u0131lar\u0131n\u0131 a\u00e7\u0131yor","datePublished":"2026-04-01T13:37:31+00:00","dateModified":"2026-04-29T14:00:57+00:00","mainEntityOfPage":{"@id":"https:\/\/bryte.nu\/tr\/bryte-kom-in-de-kas-sirasinda-kapilarini-aciyor\/"},"wordCount":153,"publisher":{"@id":"https:\/\/bryte.nu\/tr\/#organization"},"image":{"@id":"https:\/\/bryte.nu\/tr\/bryte-kom-in-de-kas-sirasinda-kapilarini-aciyor\/#primaryimage"},"thumbnailUrl":"https:\/\/bryte.nu\/wp-content\/uploads\/2026\/04\/20241223Bryte-21-scaled.jpg","articleSection":["Haberler"],"inLanguage":"tr"},{"@type":"WebPage","@id":"https:\/\/bryte.nu\/tr\/bryte-kom-in-de-kas-sirasinda-kapilarini-aciyor\/","url":"https:\/\/bryte.nu\/tr\/bryte-kom-in-de-kas-sirasinda-kapilarini-aciyor\/","name":"Bryte, Kom in de Kas s\u0131ras\u0131nda kap\u0131lar\u0131n\u0131 a\u00e7\u0131yor - Bryte","isPartOf":{"@id":"https:\/\/bryte.nu\/tr\/#website"},"primaryImageOfPage":{"@id":"https:\/\/bryte.nu\/tr\/bryte-kom-in-de-kas-sirasinda-kapilarini-aciyor\/#primaryimage"},"image":{"@id":"https:\/\/bryte.nu\/tr\/bryte-kom-in-de-kas-sirasinda-kapilarini-aciyor\/#primaryimage"},"thumbnailUrl":"https:\/\/bryte.nu\/wp-content\/uploads\/2026\/04\/20241223Bryte-21-scaled.jpg","datePublished":"2026-04-01T13:37:31+00:00","dateModified":"2026-04-29T14:00:57+00:00","breadcrumb":{"@id":"https:\/\/bryte.nu\/tr\/bryte-kom-in-de-kas-sirasinda-kapilarini-aciyor\/#breadcrumb"},"inLanguage":"tr","potentialAction":[{"@type":"ReadAction","target":["https:\/\/bryte.nu\/tr\/bryte-kom-in-de-kas-sirasinda-kapilarini-aciyor\/"]}]},{"@type":"ImageObject","inLanguage":"tr","@id":"https:\/\/bryte.nu\/tr\/bryte-kom-in-de-kas-sirasinda-kapilarini-aciyor\/#primaryimage","url":"https:\/\/bryte.nu\/wp-content\/uploads\/2026\/04\/20241223Bryte-21-scaled.jpg","contentUrl":"https:\/\/bryte.nu\/wp-content\/uploads\/2026\/04\/20241223Bryte-21-scaled.jpg","width":2560,"height":1707,"caption":"Sharon Schouten, Bruidsfotografie, Bedrijfsfotografie"},{"@type":"BreadcrumbList","@id":"https:\/\/bryte.nu\/tr\/bryte-kom-in-de-kas-sirasinda-kapilarini-aciyor\/#breadcrumb","itemListElement":[{"@type":"ListItem","position":1,"name":"Ev","item":"https:\/\/bryte.nu\/tr\/ev\/"},{"@type":"ListItem","position":2,"name":"Bryte, Kom in de Kas s\u0131ras\u0131nda kap\u0131lar\u0131n\u0131 a\u00e7\u0131yor"}]},{"@type":"WebSite","@id":"https:\/\/bryte.nu\/tr\/#website","url":"https:\/\/bryte.nu\/tr\/","name":"Bryte","description":"Mutlulu\u011fun b\u00fcy\u00fcd\u00fc\u011f\u00fc yer","publisher":{"@id":"https:\/\/bryte.nu\/tr\/#organization"},"potentialAction":[{"@type":"SearchAction","target":{"@type":"EntryPoint","urlTemplate":"https:\/\/bryte.nu\/tr\/?s={search_term_string}"},"query-input":{"@type":"PropertyValueSpecification","valueRequired":true,"valueName":"search_term_string"}}],"inLanguage":"tr"},{"@type":"Organization","@id":"https:\/\/bryte.nu\/tr\/#organization","name":"Bryte","url":"https:\/\/bryte.nu\/tr\/","logo":{"@type":"ImageObject","inLanguage":"tr","@id":"https:\/\/bryte.nu\/tr\/#\/schema\/logo\/image\/","url":"https:\/\/bryte.nu\/wp-content\/uploads\/2025\/05\/20180873-Bryte-Logo-rgb-DEF.png","contentUrl":"https:\/\/bryte.nu\/wp-content\/uploads\/2025\/05\/20180873-Bryte-Logo-rgb-DEF.png","width":1477,"height":1182,"caption":"Bryte"},"image":{"@id":"https:\/\/bryte.nu\/tr\/#\/schema\/logo\/image\/"},"sameAs":["https:\/\/www.facebook.com\/BryteGroep\/","https:\/\/www.instagram.com\/bryte_groep\/","https:\/\/www.linkedin.com\/company\/bryte-groep\/"]},{"@type":"Person","@id":"https:\/\/bryte.nu\/tr\/#\/schema\/person\/2d306d0c012a958c8a91cbf0bdd10ab3","name":"Maxime van der Schans","image":{"@type":"ImageObject","inLanguage":"tr","@id":"https:\/\/secure.gravatar.com\/avatar\/21fcb500f6cf7da37cd7f184c6c5e205160aa601428f6c2cc7e8887e16d8bc44?s=96&d=mm&r=g","url":"https:\/\/secure.gravatar.com\/avatar\/21fcb500f6cf7da37cd7f184c6c5e205160aa601428f6c2cc7e8887e16d8bc44?s=96&d=mm&r=g","contentUrl":"https:\/\/secure.gravatar.com\/avatar\/21fcb500f6cf7da37cd7f184c6c5e205160aa601428f6c2cc7e8887e16d8bc44?s=96&d=mm&r=g","caption":"Maxime van der Schans"},"url":"https:\/\/bryte.nu\/tr\/author\/maxbryte\/"}]}},"_links":{"self":[{"href":"https:\/\/bryte.nu\/tr\/wp-json\/wp\/v2\/posts\/3573","targetHints":{"allow":["GET"]}}],"collection":[{"href":"https:\/\/bryte.nu\/tr\/wp-json\/wp\/v2\/posts"}],"about":[{"href":"https:\/\/bryte.nu\/tr\/wp-json\/wp\/v2\/types\/post"}],"author":[{"embeddable":true,"href":"https:\/\/bryte.nu\/tr\/wp-json\/wp\/v2\/users\/2"}],"replies":[{"embeddable":true,"href":"https:\/\/bryte.nu\/tr\/wp-json\/wp\/v2\/comments?post=3573"}],"version-history":[{"count":3,"href":"https:\/\/bryte.nu\/tr\/wp-json\/wp\/v2\/posts\/3573\/revisions"}],"predecessor-version":[{"id":3588,"href":"https:\/\/bryte.nu\/tr\/wp-json\/wp\/v2\/posts\/3573\/revisions\/3588"}],"wp:featuredmedia":[{"embeddable":true,"href":"https:\/\/bryte.nu\/tr\/wp-json\/wp\/v2\/media\/3561"}],"wp:attachment":[{"href":"https:\/\/bryte.nu\/tr\/wp-json\/wp\/v2\/media?parent=3573"}],"wp:term":[{"taxonomy":"category","embeddable":true,"href":"https:\/\/bryte.nu\/tr\/wp-json\/wp\/v2\/categories?post=3573"},{"taxonomy":"post_tag","embeddable":true,"href":"https:\/\/bryte.nu\/tr\/wp-json\/wp\/v2\/tags?post=3573"}],"curies":[{"name":"wp","href":"https:\/\/api.w.org\/{rel}","templated":true}]}}